{"id":859,"date":"2025-02-23T19:24:18","date_gmt":"2025-02-23T22:24:18","guid":{"rendered":"https:\/\/e-ducadores.org\/revistaonline\/?p=859"},"modified":"2025-03-21T11:56:24","modified_gmt":"2025-03-21T14:56:24","slug":"educacion-global-y-coil-enfoques-activos-para-desarrollar-ciudadanos-criticos-y-empaticos-en-un-mundo-interconectado","status":"publish","type":"post","link":"https:\/\/e-ducadores.org\/revistaonline\/2025\/02\/23\/educacion-global-y-coil-enfoques-activos-para-desarrollar-ciudadanos-criticos-y-empaticos-en-un-mundo-interconectado\/","title":{"rendered":"Educaci\u00f3n Global y COIL: Enfoques Activos para Desarrollar Ciudadanos Cr\u00edticos y Emp\u00e1ticos en un Mundo Interconectado"},"content":{"rendered":"\n\n\n\n\n<p dir=\"ltr\" style=\"line-height:1.3800000000000001;text-align: justify;margin-top:12pt;margin-bottom:12pt;\"><span style=\"font-size:12pt;font-family:Arial,sans-serif;color:#000000;background-color:transparent;font-weight:400;font-style:normal;font-variant:normal;text-decoration:none;vertical-align:baseline;white-space:pre;white-space:pre-wrap;\">La educaci\u00f3n global promueve el desarrollo de una ciudadan\u00eda responsable, cr\u00edtica y emp\u00e1tica, capaz de abordar los desaf\u00edos globales desde una perspectiva local e internacional (UNESCO, 2014). Para lograr esto, los enfoques activos y participativos juegan un papel esencial, ya que implican a los estudiantes de manera directa en su aprendizaje y los motiva a ser protagonistas en la resoluci\u00f3n de problemas globales (Bourn, 2014). Entre los enfoques m\u00e1s efectivos se encuentran el <\/span><a href=\"https:\/\/www3.gobiernodecanarias.org\/medusa\/ecoescuela\/pedagotic\/aprendizaje-basado-proyectos\/\" style=\"text-decoration:none;\"><span style=\"font-size:12pt;font-family:Arial,sans-serif;color:#0000ff;background-color:transparent;font-weight:700;font-style:normal;font-variant:normal;text-decoration:underline;-webkit-text-decoration-skip:none;text-decoration-skip-ink:none;vertical-align:baseline;white-space:pre;white-space:pre-wrap;\">aprendizaje basado en proyectos<\/span><\/a><span style=\"font-size:12pt;font-family:Arial,sans-serif;color:#000000;background-color:transparent;font-weight:400;font-style:normal;font-variant:normal;text-decoration:none;vertical-align:baseline;white-space:pre;white-space:pre-wrap;\">, el <\/span><a href=\"https:\/\/ensfjsmo-sjn.infd.edu.ar\/sitio\/wp-content\/uploads\/2020\/03\/El-Aprendizaje-Basado-en-Problemas.pdf\" style=\"text-decoration:none;\"><span style=\"font-size:12pt;font-family:Arial,sans-serif;color:#0000ff;background-color:transparent;font-weight:700;font-style:normal;font-variant:normal;text-decoration:underline;-webkit-text-decoration-skip:none;text-decoration-skip-ink:none;vertical-align:baseline;white-space:pre;white-space:pre-wrap;\">aprendizaje basado en problemas<\/span><\/a><span style=\"font-size:12pt;font-family:Arial,sans-serif;color:#000000;background-color:transparent;font-weight:400;font-style:normal;font-variant:normal;text-decoration:none;vertical-align:baseline;white-space:pre;white-space:pre-wrap;\">, el <\/span><a href=\"https:\/\/www3.gobiernodecanarias.org\/medusa\/ecoescuela\/pedagotic\/aprendizaje-cooperativo\/\" style=\"text-decoration:none;\"><span style=\"font-size:12pt;font-family:Arial,sans-serif;color:#0000ff;background-color:transparent;font-weight:700;font-style:normal;font-variant:normal;text-decoration:underline;-webkit-text-decoration-skip:none;text-decoration-skip-ink:none;vertical-align:baseline;white-space:pre;white-space:pre-wrap;\">aprendizaje cooperativo<\/span><\/a><span style=\"font-size:12pt;font-family:Arial,sans-serif;color:#000000;background-color:transparent;font-weight:400;font-style:normal;font-variant:normal;text-decoration:none;vertical-align:baseline;white-space:pre;white-space:pre-wrap;\"> y el <\/span><a href=\"https:\/\/observatorio.tec.mx\/edu-bits-blog\/que-es-el-aprendizaje-servicio\/\" style=\"text-decoration:none;\"><span style=\"font-size:12pt;font-family:Arial,sans-serif;color:#0000ff;background-color:transparent;font-weight:700;font-style:normal;font-variant:normal;text-decoration:underline;-webkit-text-decoration-skip:none;text-decoration-skip-ink:none;vertical-align:baseline;white-space:pre;white-space:pre-wrap;\">aprendizaje-servicio<\/span><\/a><span style=\"font-size:12pt;font-family:Arial,sans-serif;color:#000000;background-color:transparent;font-weight:400;font-style:normal;font-variant:normal;text-decoration:none;vertical-align:baseline;white-space:pre;white-space:pre-wrap;\"> (Johnson &amp; Johnson, 2009). Estos enfoques no solo permiten a los estudiantes involucrarse en problemas reales, sino que tambi\u00e9n fomentan habilidades clave como el trabajo en equipo y el pensamiento cr\u00edtico (Collins, 2015).<\/span><\/p><p dir=\"ltr\" style=\"line-height:1.3800000000000001;text-align: justify;margin-top:12pt;margin-bottom:12pt;\"><span style=\"font-size:12pt;font-family:Arial,sans-serif;color:#000000;background-color:transparent;font-weight:400;font-style:normal;font-variant:normal;text-decoration:none;vertical-align:baseline;white-space:pre;white-space:pre-wrap;\">Los proyectos COIL (Collaborative Online International Learning)<\/span><span style=\"font-size:12pt;font-family:Arial,sans-serif;color:#000000;background-color:transparent;font-weight:400;font-style:normal;font-variant:normal;text-decoration:none;vertical-align:baseline;white-space:pre;white-space:pre-wrap;\"> encarnan perfectamente los principios de la educaci\u00f3n global que promueve la formaci\u00f3n de una ciudadan\u00eda responsable, cr\u00edtica y emp\u00e1tica (Bielaczyc &amp; Collins, 2014). Estos proyectos permiten a los estudiantes de diferentes pa\u00edses colaborar de manera virtual, enfrent\u00e1ndose a desaf\u00edos globales desde un enfoque local e internacional, lo que se alinea completamente con los objetivos del aprendizaje global. Por ejemplo, para dise\u00f1ar un espacio COIL efectivo que promueva la educaci\u00f3n global tanto a nivel local como internacional, se podr\u00eda combinar el aprendizaje basado en proyectos y el aprendizaje colaborativo en un entorno virtual que conecte a estudiantes de diferentes culturas. A trav\u00e9s de la colaboraci\u00f3n con instituciones extranjeras, los estudiantes podr\u00edan desarrollar proyectos conjuntos sobre temas relevantes para los <\/span><a href=\"https:\/\/www.undp.org\/es\/sustainable-development-goals\" style=\"text-decoration:none;\"><span style=\"font-size:12pt;font-family:Arial,sans-serif;color:#0000ff;background-color:transparent;font-weight:700;font-style:normal;font-variant:normal;text-decoration:underline;-webkit-text-decoration-skip:none;text-decoration-skip-ink:none;vertical-align:baseline;white-space:pre;white-space:pre-wrap;\">Objetivos de Desarrollo Sostenible (ODS)<\/span><\/a><span style=\"font-size:12pt;font-family:Arial,sans-serif;color:#000000;background-color:transparent;font-weight:400;font-style:normal;font-variant:normal;text-decoration:none;vertical-align:baseline;white-space:pre;white-space:pre-wrap;\">, permiti\u00e9ndoles aplicar sus conocimientos en contextos diversos.<\/span><\/p><h3 dir=\"ltr\" style=\"line-height:1.3800000000000001;text-align: justify;margin-top:14pt;margin-bottom:4pt;\"><span style=\"font-size:12pt;font-family:Arial,sans-serif;color:#000000;background-color:transparent;font-weight:700;font-style:normal;font-variant:normal;text-decoration:none;vertical-align:baseline;white-space:pre;white-space:pre-wrap;\">Pasos para Dise\u00f1ar un Proyecto COIL Eficaz<\/span><\/h3><p dir=\"ltr\" style=\"line-height:1.3800000000000001;text-align: justify;margin-top:12pt;margin-bottom:12pt;\"><span style=\"font-size:12pt;font-family:Arial,sans-serif;color:#000000;background-color:transparent;font-weight:400;font-style:normal;font-variant:normal;text-decoration:none;vertical-align:baseline;white-space:pre;white-space:pre-wrap;\">El dise\u00f1o de un proyecto COIL eficaz no solo requiere de una planificaci\u00f3n detallada, sino tambi\u00e9n de flexibilidad y una evaluaci\u00f3n continua. Los proyectos COIL son oportunidades para que los estudiantes de diferentes contextos culturales trabajen juntos, promoviendo tanto el aprendizaje acad\u00e9mico como el desarrollo de competencias interculturales. A continuaci\u00f3n, se describen los pasos clave para el dise\u00f1o y la implementaci\u00f3n de un proyecto COIL exitoso.<\/span><\/p><h3 dir=\"ltr\" style=\"line-height:1.3800000000000001;text-align: justify;margin-top:14pt;margin-bottom:4pt;\"><span style=\"font-size:12pt;font-family:Arial,sans-serif;color:#000000;background-color:transparent;font-weight:700;font-style:normal;font-variant:normal;text-decoration:none;vertical-align:baseline;white-space:pre;white-space:pre-wrap;\">Antes del Proyecto: Planificaci\u00f3n y Preparaci\u00f3n<\/span><\/h3><ol style=\"margin-top:0;margin-bottom:0;padding-inline-start:48px;\"><li dir=\"ltr\" style=\"list-style-type:decimal;font-size:12pt;font-family:Arial,sans-serif;color:#000000;background-color:transparent;font-weight:400;font-style:normal;font-variant:normal;text-decoration:none;vertical-align:baseline;white-space:pre;\" aria-level=\"1\"><p dir=\"ltr\" style=\"line-height:1.3800000000000001;text-align: justify;margin-top:12pt;margin-bottom:0pt;\" role=\"presentation\"><span style=\"font-size:12pt;font-family:Arial,sans-serif;color:#000000;background-color:transparent;font-weight:700;font-style:normal;font-variant:normal;text-decoration:none;vertical-align:baseline;white-space:pre;white-space:pre-wrap;\">Definir Objetivos Claros de Aprendizaje\n <\/span><\/p><\/li><ul style=\"margin-top:0;margin-bottom:0;padding-inline-start:48px;\"><li dir=\"ltr\" style=\"list-style-type:circle;font-size:12pt;font-family:Roboto,sans-serif;color:#000000;background-color:transparent;font-weight:400;font-style:normal;font-variant:normal;text-decoration:none;vertical-align:baseline;white-space:pre;\" aria-level=\"2\"><p dir=\"ltr\" style=\"line-height:1.3800000000000001;text-align: justify;margin-top:0pt;margin-bottom:0pt;\" role=\"presentation\"><span style=\"font-size:12pt;font-family:Arial,sans-serif;color:#000000;background-color:transparent;font-weight:400;font-style:normal;font-variant:normal;text-decoration:none;vertical-align:baseline;white-space:pre;white-space:pre-wrap;\">Establece los <\/span><span style=\"font-size:12pt;font-family:Arial,sans-serif;color:#000000;background-color:transparent;font-weight:700;font-style:normal;font-variant:normal;text-decoration:none;vertical-align:baseline;white-space:pre;white-space:pre-wrap;\">objetivos de aprendizaje<\/span><span style=\"font-size:12pt;font-family:Arial,sans-serif;color:#000000;background-color:transparent;font-weight:400;font-style:normal;font-variant:normal;text-decoration:none;vertical-align:baseline;white-space:pre;white-space:pre-wrap;\"> que deseas alcanzar, tanto a nivel local como internacional. Los objetivos deben ser espec\u00edficos, medibles, alcanzables, relevantes y con un tiempo determinado (SMART). Deben estar alineados con los <\/span><span style=\"font-size:12pt;font-family:Arial,sans-serif;color:#000000;background-color:transparent;font-weight:700;font-style:normal;font-variant:normal;text-decoration:none;vertical-align:baseline;white-space:pre;white-space:pre-wrap;\">Objetivos de Desarrollo Sostenible (ODS)<\/span><span style=\"font-size:12pt;font-family:Arial,sans-serif;color:#000000;background-color:transparent;font-weight:400;font-style:normal;font-variant:normal;text-decoration:none;vertical-align:baseline;white-space:pre;white-space:pre-wrap;\">, si es pertinente, y con los intereses acad\u00e9micos de todas las instituciones colaboradoras (United Nations, 2015).\n <\/span><\/p><\/li><li dir=\"ltr\" style=\"list-style-type:circle;font-size:12pt;font-family:Roboto,sans-serif;color:#000000;background-color:transparent;font-weight:400;font-style:normal;font-variant:normal;text-decoration:none;vertical-align:baseline;white-space:pre;\" aria-level=\"2\"><p dir=\"ltr\" style=\"line-height:1.3800000000000001;text-align: justify;margin-top:0pt;margin-bottom:0pt;\" role=\"presentation\"><span style=\"font-size:12pt;font-family:Arial,sans-serif;color:#000000;background-color:transparent;font-weight:700;font-style:normal;font-variant:normal;text-decoration:none;vertical-align:baseline;white-space:pre;white-space:pre-wrap;\">Ejemplo:<\/span><span style=\"font-size:12pt;font-family:Arial,sans-serif;color:#000000;background-color:transparent;font-weight:400;font-style:normal;font-variant:normal;text-decoration:none;vertical-align:baseline;white-space:pre;white-space:pre-wrap;\"> Fomentar la comprensi\u00f3n intercultural y mejorar las habilidades de comunicaci\u00f3n global en estudiantes de diferentes pa\u00edses (Beelen &amp; Jones, 2015).\n <\/span><\/p><\/li><\/ul><li dir=\"ltr\" style=\"list-style-type:decimal;font-size:12pt;font-family:Arial,sans-serif;color:#000000;background-color:transparent;font-weight:400;font-style:normal;font-variant:normal;text-decoration:none;vertical-align:baseline;white-space:pre;\" aria-level=\"1\"><p dir=\"ltr\" style=\"line-height:1.3800000000000001;text-align: justify;margin-top:0pt;margin-bottom:0pt;\" role=\"presentation\"><span style=\"font-size:12pt;font-family:Arial,sans-serif;color:#000000;background-color:transparent;font-weight:700;font-style:normal;font-variant:normal;text-decoration:none;vertical-align:baseline;white-space:pre;white-space:pre-wrap;\">Seleccionar Colaboradores Internacionales\n <\/span><\/p><\/li><ul style=\"margin-top:0;margin-bottom:0;padding-inline-start:48px;\"><li dir=\"ltr\" style=\"list-style-type:circle;font-size:12pt;font-family:Roboto,sans-serif;color:#000000;background-color:transparent;font-weight:400;font-style:normal;font-variant:normal;text-decoration:none;vertical-align:baseline;white-space:pre;\" aria-level=\"2\"><p dir=\"ltr\" style=\"line-height:1.3800000000000001;text-align: justify;margin-top:0pt;margin-bottom:0pt;\" role=\"presentation\"><span style=\"font-size:12pt;font-family:Arial,sans-serif;color:#000000;background-color:transparent;font-weight:400;font-style:normal;font-variant:normal;text-decoration:none;vertical-align:baseline;white-space:pre;white-space:pre-wrap;\">Identifica y selecciona <\/span><span style=\"font-size:12pt;font-family:Arial,sans-serif;color:#000000;background-color:transparent;font-weight:700;font-style:normal;font-variant:normal;text-decoration:none;vertical-align:baseline;white-space:pre;white-space:pre-wrap;\">universidades o instituciones educativas<\/span><span style=\"font-size:12pt;font-family:Arial,sans-serif;color:#000000;background-color:transparent;font-weight:400;font-style:normal;font-variant:normal;text-decoration:none;vertical-align:baseline;white-space:pre;white-space:pre-wrap;\"> con las que puedas establecer una colaboraci\u00f3n mutua. Busca alianzas con instituciones que compartan intereses acad\u00e9micos o que complementen tu enfoque pedag\u00f3gico (Knight, 2006).\n <\/span><\/p><\/li><li dir=\"ltr\" style=\"list-style-type:circle;font-size:12pt;font-family:Roboto,sans-serif;color:#000000;background-color:transparent;font-weight:400;font-style:normal;font-variant:normal;text-decoration:none;vertical-align:baseline;white-space:pre;\" aria-level=\"2\"><p dir=\"ltr\" style=\"line-height:1.3800000000000001;text-align: justify;margin-top:0pt;margin-bottom:0pt;\" role=\"presentation\"><span style=\"font-size:12pt;font-family:Arial,sans-serif;color:#000000;background-color:transparent;font-weight:700;font-style:normal;font-variant:normal;text-decoration:none;vertical-align:baseline;white-space:pre;white-space:pre-wrap;\">Invitaci\u00f3n formal:<\/span><span style=\"font-size:12pt;font-family:Arial,sans-serif;color:#000000;background-color:transparent;font-weight:400;font-style:normal;font-variant:normal;text-decoration:none;vertical-align:baseline;white-space:pre;white-space:pre-wrap;\"> Prepara una propuesta clara y detallada para invitar a tus colaboradores. Esta debe incluir los beneficios de la colaboraci\u00f3n, los objetivos y el cronograma del proyecto, as\u00ed como las expectativas y responsabilidades de las instituciones participantes.\n <\/span><\/p><\/li><li dir=\"ltr\" style=\"list-style-type:circle;font-size:12pt;font-family:Roboto,sans-serif;color:#000000;background-color:transparent;font-weight:400;font-style:normal;font-variant:normal;text-decoration:none;vertical-align:baseline;white-space:pre;\" aria-level=\"2\"><p dir=\"ltr\" style=\"line-height:1.3800000000000001;text-align: justify;margin-top:0pt;margin-bottom:0pt;\" role=\"presentation\"><span style=\"font-size:12pt;font-family:Arial,sans-serif;color:#000000;background-color:transparent;font-weight:700;font-style:normal;font-variant:normal;text-decoration:none;vertical-align:baseline;white-space:pre;white-space:pre-wrap;\">Ejemplo:<\/span><span style=\"font-size:12pt;font-family:Arial,sans-serif;color:#000000;background-color:transparent;font-weight:400;font-style:normal;font-variant:normal;text-decoration:none;vertical-align:baseline;white-space:pre;white-space:pre-wrap;\"> Una universidad de Espa\u00f1a puede colaborar con una instituci\u00f3n en M\u00e9xico o Brasil para abordar temas comunes relacionados con los ODS, como la educaci\u00f3n inclusiva.\n <\/span><\/p><\/li><\/ul><li dir=\"ltr\" style=\"list-style-type:decimal;font-size:12pt;font-family:Arial,sans-serif;color:#000000;background-color:transparent;font-weight:400;font-style:normal;font-variant:normal;text-decoration:none;vertical-align:baseline;white-space:pre;\" aria-level=\"1\"><p dir=\"ltr\" style=\"line-height:1.3800000000000001;text-align: justify;margin-top:0pt;margin-bottom:0pt;\" role=\"presentation\"><span style=\"font-size:12pt;font-family:Arial,sans-serif;color:#000000;background-color:transparent;font-weight:700;font-style:normal;font-variant:normal;text-decoration:none;vertical-align:baseline;white-space:pre;white-space:pre-wrap;\">Planificaci\u00f3n de la Metodolog\u00eda y Herramientas Tecnol\u00f3gicas\n <\/span><\/p><\/li><ul style=\"margin-top:0;margin-bottom:0;padding-inline-start:48px;\"><li dir=\"ltr\" style=\"list-style-type:circle;font-size:12pt;font-family:Roboto,sans-serif;color:#000000;background-color:transparent;font-weight:400;font-style:normal;font-variant:normal;text-decoration:none;vertical-align:baseline;white-space:pre;\" aria-level=\"2\"><p dir=\"ltr\" style=\"line-height:1.3800000000000001;text-align: justify;margin-top:0pt;margin-bottom:0pt;\" role=\"presentation\"><span style=\"font-size:12pt;font-family:Arial,sans-serif;color:#000000;background-color:transparent;font-weight:700;font-style:normal;font-variant:normal;text-decoration:none;vertical-align:baseline;white-space:pre;white-space:pre-wrap;\">Enfoques pedag\u00f3gicos:<\/span><span style=\"font-size:12pt;font-family:Arial,sans-serif;color:#000000;background-color:transparent;font-weight:400;font-style:normal;font-variant:normal;text-decoration:none;vertical-align:baseline;white-space:pre;white-space:pre-wrap;\"> Elige los enfoques pedag\u00f3gicos adecuados para un aprendizaje colaborativo en l\u00ednea. Los enfoques como el <\/span><span style=\"font-size:12pt;font-family:Arial,sans-serif;color:#000000;background-color:transparent;font-weight:700;font-style:normal;font-variant:normal;text-decoration:none;vertical-align:baseline;white-space:pre;white-space:pre-wrap;\">Aprendizaje Basado en Problemas (ABP)<\/span><span style=\"font-size:12pt;font-family:Arial,sans-serif;color:#000000;background-color:transparent;font-weight:400;font-style:normal;font-variant:normal;text-decoration:none;vertical-align:baseline;white-space:pre;white-space:pre-wrap;\">, el <\/span><span style=\"font-size:12pt;font-family:Arial,sans-serif;color:#000000;background-color:transparent;font-weight:700;font-style:normal;font-variant:normal;text-decoration:none;vertical-align:baseline;white-space:pre;white-space:pre-wrap;\">aprendizaje cooperativo<\/span><span style=\"font-size:12pt;font-family:Arial,sans-serif;color:#000000;background-color:transparent;font-weight:400;font-style:normal;font-variant:normal;text-decoration:none;vertical-align:baseline;white-space:pre;white-space:pre-wrap;\"> y el <\/span><span style=\"font-size:12pt;font-family:Arial,sans-serif;color:#000000;background-color:transparent;font-weight:700;font-style:normal;font-variant:normal;text-decoration:none;vertical-align:baseline;white-space:pre;white-space:pre-wrap;\">aprendizaje basado en proyectos (ABP)<\/span><span style=\"font-size:12pt;font-family:Arial,sans-serif;color:#000000;background-color:transparent;font-weight:400;font-style:normal;font-variant:normal;text-decoration:none;vertical-align:baseline;white-space:pre;white-space:pre-wrap;\"> son ideales para este tipo de entorno, ya que fomentan la participaci\u00f3n activa y la resoluci\u00f3n de problemas de manera conjunta (Garrison, Anderson &amp; Archer, 2001).\n <\/span><\/p><\/li><li dir=\"ltr\" style=\"list-style-type:circle;font-size:12pt;font-family:Roboto,sans-serif;color:#000000;background-color:transparent;font-weight:400;font-style:normal;font-variant:normal;text-decoration:none;vertical-align:baseline;white-space:pre;\" aria-level=\"2\"><p dir=\"ltr\" style=\"line-height:1.3800000000000001;text-align: justify;margin-top:0pt;margin-bottom:0pt;\" role=\"presentation\"><span style=\"font-size:12pt;font-family:Arial,sans-serif;color:#000000;background-color:transparent;font-weight:700;font-style:normal;font-variant:normal;text-decoration:none;vertical-align:baseline;white-space:pre;white-space:pre-wrap;\">Definir roles:<\/span><span style=\"font-size:12pt;font-family:Arial,sans-serif;color:#000000;background-color:transparent;font-weight:400;font-style:normal;font-variant:normal;text-decoration:none;vertical-align:baseline;white-space:pre;white-space:pre-wrap;\"> Es crucial definir los roles y responsabilidades de cada grupo de estudiantes, asegurando que haya una distribuci\u00f3n equitativa de tareas entre los participantes de cada instituci\u00f3n.\n <\/span><\/p><\/li><li dir=\"ltr\" style=\"list-style-type:circle;font-size:12pt;font-family:Roboto,sans-serif;color:#000000;background-color:transparent;font-weight:400;font-style:normal;font-variant:normal;text-decoration:none;vertical-align:baseline;white-space:pre;\" aria-level=\"2\"><p dir=\"ltr\" style=\"line-height:1.3800000000000001;text-align: justify;margin-top:0pt;margin-bottom:0pt;\" role=\"presentation\"><span style=\"font-size:12pt;font-family:Arial,sans-serif;color:#000000;background-color:transparent;font-weight:700;font-style:normal;font-variant:normal;text-decoration:none;vertical-align:baseline;white-space:pre;white-space:pre-wrap;\">Tecnolog\u00edas a utilizar:<\/span><span style=\"font-size:12pt;font-family:Arial,sans-serif;color:#000000;background-color:transparent;font-weight:400;font-style:normal;font-variant:normal;text-decoration:none;vertical-align:baseline;white-space:pre;white-space:pre-wrap;\"> Selecciona las <\/span><span style=\"font-size:12pt;font-family:Arial,sans-serif;color:#000000;background-color:transparent;font-weight:700;font-style:normal;font-variant:normal;text-decoration:none;vertical-align:baseline;white-space:pre;white-space:pre-wrap;\">herramientas tecnol\u00f3gicas<\/span><span style=\"font-size:12pt;font-family:Arial,sans-serif;color:#000000;background-color:transparent;font-weight:400;font-style:normal;font-variant:normal;text-decoration:none;vertical-align:baseline;white-space:pre;white-space:pre-wrap;\"> que facilitar\u00e1n la colaboraci\u00f3n y comunicaci\u00f3n en l\u00ednea, como plataformas de videoconferencia (Zoom, Google Meet), foros de discusi\u00f3n, herramientas para la co-creaci\u00f3n de contenidos (Google Docs, Padlet, etc.) y plataformas de gesti\u00f3n de proyectos (Trello, Slack).\n <\/span><\/p><\/li><li dir=\"ltr\" style=\"list-style-type:circle;font-size:12pt;font-family:Roboto,sans-serif;color:#000000;background-color:transparent;font-weight:400;font-style:normal;font-variant:normal;text-decoration:none;vertical-align:baseline;white-space:pre;\" aria-level=\"2\"><p dir=\"ltr\" style=\"line-height:1.3800000000000001;text-align: justify;margin-top:0pt;margin-bottom:12pt;\" role=\"presentation\"><span style=\"font-size:12pt;font-family:Arial,sans-serif;color:#000000;background-color:transparent;font-weight:700;font-style:normal;font-variant:normal;text-decoration:none;vertical-align:baseline;white-space:pre;white-space:pre-wrap;\">Ejemplo:<\/span><span style=\"font-size:12pt;font-family:Arial,sans-serif;color:#000000;background-color:transparent;font-weight:400;font-style:normal;font-variant:normal;text-decoration:none;vertical-align:baseline;white-space:pre;white-space:pre-wrap;\"> Utilizar Google Classroom para la organizaci\u00f3n del material, Zoom para las videoconferencias sincr\u00f3nicas y Google Docs para la creaci\u00f3n de documentos colaborativos.<\/span><\/p><\/li><\/ul><\/ol><h3 dir=\"ltr\" style=\"line-height:1.3800000000000001;text-align: justify;margin-top:14pt;margin-bottom:4pt;\"><span style=\"font-size:12pt;font-family:Arial,sans-serif;color:#000000;background-color:transparent;font-weight:700;font-style:normal;font-variant:normal;text-decoration:none;vertical-align:baseline;white-space:pre;white-space:pre-wrap;\">Durante el Proyecto: Implementaci\u00f3n y Ejecuci\u00f3n<\/span><\/h3><ol style=\"margin-top:0;margin-bottom:0;padding-inline-start:48px;\" start=\"4\"><li dir=\"ltr\" style=\"list-style-type:decimal;font-size:12pt;font-family:Arial,sans-serif;color:#000000;background-color:transparent;font-weight:400;font-style:normal;font-variant:normal;text-decoration:none;vertical-align:baseline;white-space:pre;\" aria-level=\"1\"><p dir=\"ltr\" style=\"line-height:1.3800000000000001;text-align: justify;margin-top:12pt;margin-bottom:0pt;\" role=\"presentation\"><span style=\"font-size:12pt;font-family:Arial,sans-serif;color:#000000;background-color:transparent;font-weight:700;font-style:normal;font-variant:normal;text-decoration:none;vertical-align:baseline;white-space:pre;white-space:pre-wrap;\">Fomentar la Comunicaci\u00f3n Constante y Eficaz\n <\/span><\/p><\/li><ul style=\"margin-top:0;margin-bottom:0;padding-inline-start:48px;\"><li dir=\"ltr\" style=\"list-style-type:circle;font-size:12pt;font-family:Roboto,sans-serif;color:#000000;background-color:transparent;font-weight:400;font-style:normal;font-variant:normal;text-decoration:none;vertical-align:baseline;white-space:pre;\" aria-level=\"2\"><p dir=\"ltr\" style=\"line-height:1.3800000000000001;text-align: justify;margin-top:0pt;margin-bottom:0pt;\" role=\"presentation\"><span style=\"font-size:12pt;font-family:Arial,sans-serif;color:#000000;background-color:transparent;font-weight:400;font-style:normal;font-variant:normal;text-decoration:none;vertical-align:baseline;white-space:pre;white-space:pre-wrap;\">La <\/span><span style=\"font-size:12pt;font-family:Arial,sans-serif;color:#000000;background-color:transparent;font-weight:700;font-style:normal;font-variant:normal;text-decoration:none;vertical-align:baseline;white-space:pre;white-space:pre-wrap;\">comunicaci\u00f3n continua<\/span><span style=\"font-size:12pt;font-family:Arial,sans-serif;color:#000000;background-color:transparent;font-weight:400;font-style:normal;font-variant:normal;text-decoration:none;vertical-align:baseline;white-space:pre;white-space:pre-wrap;\"> es clave en un proyecto COIL exitoso. Establece canales de comunicaci\u00f3n eficaces que permitan la interacci\u00f3n constante entre estudiantes de diferentes pa\u00edses. Utiliza plataformas virtuales como foros de discusi\u00f3n, videoconferencias regulares y redes sociales acad\u00e9micas para mantener un flujo constante de informaci\u00f3n (Siemens, 2005).\n <\/span><\/p><\/li><li dir=\"ltr\" style=\"list-style-type:circle;font-size:12pt;font-family:Roboto,sans-serif;color:#000000;background-color:transparent;font-weight:400;font-style:normal;font-variant:normal;text-decoration:none;vertical-align:baseline;white-space:pre;\" aria-level=\"2\"><p dir=\"ltr\" style=\"line-height:1.3800000000000001;text-align: justify;margin-top:0pt;margin-bottom:0pt;\" role=\"presentation\"><span style=\"font-size:12pt;font-family:Arial,sans-serif;color:#000000;background-color:transparent;font-weight:700;font-style:normal;font-variant:normal;text-decoration:none;vertical-align:baseline;white-space:pre;white-space:pre-wrap;\">Reuniones peri\u00f3dicas:<\/span><span style=\"font-size:12pt;font-family:Arial,sans-serif;color:#000000;background-color:transparent;font-weight:400;font-style:normal;font-variant:normal;text-decoration:none;vertical-align:baseline;white-space:pre;white-space:pre-wrap;\"> Organiza reuniones sincr\u00f3nicas (por ejemplo, cada dos semanas) para revisar el progreso del proyecto, resolver dudas y mantener la motivaci\u00f3n de los estudiantes.\n <\/span><\/p><\/li><li dir=\"ltr\" style=\"list-style-type:circle;font-size:12pt;font-family:Roboto,sans-serif;color:#000000;background-color:transparent;font-weight:400;font-style:normal;font-variant:normal;text-decoration:none;vertical-align:baseline;white-space:pre;\" aria-level=\"2\"><p dir=\"ltr\" style=\"line-height:1.3800000000000001;text-align: justify;margin-top:0pt;margin-bottom:0pt;\" role=\"presentation\"><span style=\"font-size:12pt;font-family:Arial,sans-serif;color:#000000;background-color:transparent;font-weight:700;font-style:normal;font-variant:normal;text-decoration:none;vertical-align:baseline;white-space:pre;white-space:pre-wrap;\">Ejemplo:<\/span><span style=\"font-size:12pt;font-family:Arial,sans-serif;color:#000000;background-color:transparent;font-weight:400;font-style:normal;font-variant:normal;text-decoration:none;vertical-align:baseline;white-space:pre;white-space:pre-wrap;\"> Crear un grupo de WhatsApp o Slack donde los estudiantes puedan compartir avances, dudas o recursos, y establecer encuentros mensuales en Zoom para revisiones de proyectos.\n <\/span><\/p><\/li><\/ul><li dir=\"ltr\" style=\"list-style-type:decimal;font-size:12pt;font-family:Arial,sans-serif;color:#000000;background-color:transparent;font-weight:400;font-style:normal;font-variant:normal;text-decoration:none;vertical-align:baseline;white-space:pre;\" aria-level=\"1\"><p dir=\"ltr\" style=\"line-height:1.3800000000000001;text-align: justify;margin-top:0pt;margin-bottom:0pt;\" role=\"presentation\"><span style=\"font-size:12pt;font-family:Arial,sans-serif;color:#000000;background-color:transparent;font-weight:700;font-style:normal;font-variant:normal;text-decoration:none;vertical-align:baseline;white-space:pre;white-space:pre-wrap;\">Acompa\u00f1ar el Aprendizaje y Progreso de los Estudiantes\n <\/span><\/p><\/li><ul style=\"margin-top:0;margin-bottom:0;padding-inline-start:48px;\"><li dir=\"ltr\" style=\"list-style-type:circle;font-size:12pt;font-family:Roboto,sans-serif;color:#000000;background-color:transparent;font-weight:400;font-style:normal;font-variant:normal;text-decoration:none;vertical-align:baseline;white-space:pre;\" aria-level=\"2\"><p dir=\"ltr\" style=\"line-height:1.3800000000000001;text-align: justify;margin-top:0pt;margin-bottom:0pt;\" role=\"presentation\"><span style=\"font-size:12pt;font-family:Arial,sans-serif;color:#000000;background-color:transparent;font-weight:400;font-style:normal;font-variant:normal;text-decoration:none;vertical-align:baseline;white-space:pre;white-space:pre-wrap;\">Brinda <\/span><span style=\"font-size:12pt;font-family:Arial,sans-serif;color:#000000;background-color:transparent;font-weight:700;font-style:normal;font-variant:normal;text-decoration:none;vertical-align:baseline;white-space:pre;white-space:pre-wrap;\">orientaci\u00f3n continua<\/span><span style=\"font-size:12pt;font-family:Arial,sans-serif;color:#000000;background-color:transparent;font-weight:400;font-style:normal;font-variant:normal;text-decoration:none;vertical-align:baseline;white-space:pre;white-space:pre-wrap;\"> a los estudiantes. Supervisa su progreso y aseg\u00farate de que desarrollen tanto competencias acad\u00e9micas como interculturales. Proporciona retroalimentaci\u00f3n constructiva en todas las etapas del proyecto y fomenta la autoevaluaci\u00f3n y la evaluaci\u00f3n entre pares.\n <\/span><\/p><\/li><li dir=\"ltr\" style=\"list-style-type:circle;font-size:12pt;font-family:Roboto,sans-serif;color:#000000;background-color:transparent;font-weight:400;font-style:normal;font-variant:normal;text-decoration:none;vertical-align:baseline;white-space:pre;\" aria-level=\"2\"><p dir=\"ltr\" style=\"line-height:1.3800000000000001;text-align: justify;margin-top:0pt;margin-bottom:0pt;\" role=\"presentation\"><span style=\"font-size:12pt;font-family:Arial,sans-serif;color:#000000;background-color:transparent;font-weight:700;font-style:normal;font-variant:normal;text-decoration:none;vertical-align:baseline;white-space:pre;white-space:pre-wrap;\">Ejemplo:<\/span><span style=\"font-size:12pt;font-family:Arial,sans-serif;color:#000000;background-color:transparent;font-weight:400;font-style:normal;font-variant:normal;text-decoration:none;vertical-align:baseline;white-space:pre;white-space:pre-wrap;\"> Realizar sesiones de tutor\u00eda virtual donde los estudiantes puedan presentar avances y recibir retroalimentaci\u00f3n de sus compa\u00f1eros y facilitadores.\n <\/span><\/p><\/li><\/ul><li dir=\"ltr\" style=\"list-style-type:decimal;font-size:12pt;font-family:Arial,sans-serif;color:#000000;background-color:transparent;font-weight:400;font-style:normal;font-variant:normal;text-decoration:none;vertical-align:baseline;white-space:pre;\" aria-level=\"1\"><p dir=\"ltr\" style=\"line-height:1.3800000000000001;text-align: justify;margin-top:0pt;margin-bottom:0pt;\" role=\"presentation\"><span style=\"font-size:12pt;font-family:Arial,sans-serif;color:#000000;background-color:transparent;font-weight:700;font-style:normal;font-variant:normal;text-decoration:none;vertical-align:baseline;white-space:pre;white-space:pre-wrap;\">Promover la Reflexi\u00f3n Intercultural y la Empat\u00eda\n <\/span><\/p><\/li><ul style=\"margin-top:0;margin-bottom:0;padding-inline-start:48px;\"><li dir=\"ltr\" style=\"list-style-type:circle;font-size:12pt;font-family:Roboto,sans-serif;color:#000000;background-color:transparent;font-weight:400;font-style:normal;font-variant:normal;text-decoration:none;vertical-align:baseline;white-space:pre;\" aria-level=\"2\"><p dir=\"ltr\" style=\"line-height:1.3800000000000001;text-align: justify;margin-top:0pt;margin-bottom:0pt;\" role=\"presentation\"><span style=\"font-size:12pt;font-family:Arial,sans-serif;color:#000000;background-color:transparent;font-weight:400;font-style:normal;font-variant:normal;text-decoration:none;vertical-align:baseline;white-space:pre;white-space:pre-wrap;\">Estimula a los estudiantes a <\/span><span style=\"font-size:12pt;font-family:Arial,sans-serif;color:#000000;background-color:transparent;font-weight:700;font-style:normal;font-variant:normal;text-decoration:none;vertical-align:baseline;white-space:pre;white-space:pre-wrap;\">reflexionar sobre sus experiencias<\/span><span style=\"font-size:12pt;font-family:Arial,sans-serif;color:#000000;background-color:transparent;font-weight:400;font-style:normal;font-variant:normal;text-decoration:none;vertical-align:baseline;white-space:pre;white-space:pre-wrap;\"> al trabajar con compa\u00f1eros de diversas culturas. Fomenta el respeto y la empat\u00eda hacia diferentes perspectivas, y destaca la importancia de entender la diversidad cultural en la resoluci\u00f3n de problemas globales (Schattle, 2009).\n <\/span><\/p><\/li><li dir=\"ltr\" style=\"list-style-type:circle;font-size:12pt;font-family:Arial,sans-serif;color:#000000;background-color:transparent;font-weight:400;font-style:normal;font-variant:normal;text-decoration:none;vertical-align:baseline;white-space:pre;\" aria-level=\"2\"><p dir=\"ltr\" style=\"line-height:1.3800000000000001;text-align: justify;margin-top:0pt;margin-bottom:0pt;\" role=\"presentation\"><span style=\"font-size:12pt;font-family:Arial,sans-serif;color:#000000;background-color:transparent;font-weight:400;font-style:normal;font-variant:normal;text-decoration:none;vertical-align:baseline;white-space:pre;white-space:pre-wrap;\">Utiliza actividades de reflexi\u00f3n escrita o grupal donde los estudiantes puedan discutir c\u00f3mo sus contextos culturales han influido en su enfoque del proyecto.\n <\/span><\/p><\/li><li dir=\"ltr\" style=\"list-style-type:circle;font-size:12pt;font-family:Roboto,sans-serif;color:#000000;background-color:transparent;font-weight:400;font-style:normal;font-variant:normal;text-decoration:none;vertical-align:baseline;white-space:pre;\" aria-level=\"2\"><p dir=\"ltr\" style=\"line-height:1.3800000000000001;text-align: justify;margin-top:0pt;margin-bottom:12pt;\" role=\"presentation\"><span style=\"font-size:12pt;font-family:Arial,sans-serif;color:#000000;background-color:transparent;font-weight:700;font-style:normal;font-variant:normal;text-decoration:none;vertical-align:baseline;white-space:pre;white-space:pre-wrap;\">Ejemplo:<\/span><span style=\"font-size:12pt;font-family:Arial,sans-serif;color:#000000;background-color:transparent;font-weight:400;font-style:normal;font-variant:normal;text-decoration:none;vertical-align:baseline;white-space:pre;white-space:pre-wrap;\"> Crear espacios de discusi\u00f3n sobre c\u00f3mo las diferentes realidades culturales afectan la percepci\u00f3n y la soluci\u00f3n de problemas, promoviendo el intercambio de puntos de vista.<\/span><\/p><\/li><\/ul><\/ol><h3 dir=\"ltr\" style=\"line-height:1.3800000000000001;text-align: justify;margin-top:14pt;margin-bottom:4pt;\"><span style=\"font-size:12pt;font-family:Arial,sans-serif;color:#000000;background-color:transparent;font-weight:700;font-style:normal;font-variant:normal;text-decoration:none;vertical-align:baseline;white-space:pre;white-space:pre-wrap;\">Despu\u00e9s del Proyecto: Evaluaci\u00f3n y Cierre<\/span><\/h3><ol style=\"margin-top:0;margin-bottom:0;padding-inline-start:48px;\" start=\"7\"><li dir=\"ltr\" style=\"list-style-type:decimal;font-size:12pt;font-family:Arial,sans-serif;color:#000000;background-color:transparent;font-weight:400;font-style:normal;font-variant:normal;text-decoration:none;vertical-align:baseline;white-space:pre;\" aria-level=\"1\"><p dir=\"ltr\" style=\"line-height:1.3800000000000001;text-align: justify;margin-top:12pt;margin-bottom:0pt;\" role=\"presentation\"><span style=\"font-size:12pt;font-family:Arial,sans-serif;color:#000000;background-color:transparent;font-weight:700;font-style:normal;font-variant:normal;text-decoration:none;vertical-align:baseline;white-space:pre;white-space:pre-wrap;\">Evaluaci\u00f3n del Impacto del Proyecto\n <\/span><\/p><\/li><ul style=\"margin-top:0;margin-bottom:0;padding-inline-start:48px;\"><li dir=\"ltr\" style=\"list-style-type:circle;font-size:12pt;font-family:Roboto,sans-serif;color:#000000;background-color:transparent;font-weight:400;font-style:normal;font-variant:normal;text-decoration:none;vertical-align:baseline;white-space:pre;\" aria-level=\"2\"><p dir=\"ltr\" style=\"line-height:1.3800000000000001;text-align: justify;margin-top:0pt;margin-bottom:0pt;\" role=\"presentation\"><span style=\"font-size:12pt;font-family:Arial,sans-serif;color:#000000;background-color:transparent;font-weight:700;font-style:normal;font-variant:normal;text-decoration:none;vertical-align:baseline;white-space:pre;white-space:pre-wrap;\">Evaluaci\u00f3n continua:<\/span><span style=\"font-size:12pt;font-family:Arial,sans-serif;color:#000000;background-color:transparent;font-weight:400;font-style:normal;font-variant:normal;text-decoration:none;vertical-align:baseline;white-space:pre;white-space:pre-wrap;\"> Realiza una <\/span><span style=\"font-size:12pt;font-family:Arial,sans-serif;color:#000000;background-color:transparent;font-weight:700;font-style:normal;font-variant:normal;text-decoration:none;vertical-align:baseline;white-space:pre;white-space:pre-wrap;\">evaluaci\u00f3n formativa<\/span><span style=\"font-size:12pt;font-family:Arial,sans-serif;color:#000000;background-color:transparent;font-weight:400;font-style:normal;font-variant:normal;text-decoration:none;vertical-align:baseline;white-space:pre;white-space:pre-wrap;\"> durante el proyecto, para identificar \u00e1reas de mejora y ajustar el enfoque seg\u00fan sea necesario (Callado P\u00e9rez, C\u00e1ceres Mesa, Moreno Olivos, Chong Barreiro, &amp; Serna Alc\u00e1ntara, 2022). Al finalizar el proyecto, lleva a cabo una <\/span><span style=\"font-size:12pt;font-family:Arial,sans-serif;color:#000000;background-color:transparent;font-weight:700;font-style:normal;font-variant:normal;text-decoration:none;vertical-align:baseline;white-space:pre;white-space:pre-wrap;\">evaluaci\u00f3n sumativa<\/span><span style=\"font-size:12pt;font-family:Arial,sans-serif;color:#000000;background-color:transparent;font-weight:400;font-style:normal;font-variant:normal;text-decoration:none;vertical-align:baseline;white-space:pre;white-space:pre-wrap;\"> que analice tanto el proceso como los resultados obtenidos (Bielaczyc &amp; Collins, 2014).\n <\/span><\/p><\/li><li dir=\"ltr\" style=\"list-style-type:circle;font-size:12pt;font-family:Roboto,sans-serif;color:#000000;background-color:transparent;font-weight:400;font-style:normal;font-variant:normal;text-decoration:none;vertical-align:baseline;white-space:pre;\" aria-level=\"2\"><p dir=\"ltr\" style=\"line-height:1.3800000000000001;text-align: justify;margin-top:0pt;margin-bottom:0pt;\" role=\"presentation\"><span style=\"font-size:12pt;font-family:Arial,sans-serif;color:#000000;background-color:transparent;font-weight:700;font-style:normal;font-variant:normal;text-decoration:none;vertical-align:baseline;white-space:pre;white-space:pre-wrap;\">An\u00e1lisis de resultados:<\/span><span style=\"font-size:12pt;font-family:Arial,sans-serif;color:#000000;background-color:transparent;font-weight:400;font-style:normal;font-variant:normal;text-decoration:none;vertical-align:baseline;white-space:pre;white-space:pre-wrap;\"> Examina lo aprendido por los estudiantes, la eficacia de las herramientas tecnol\u00f3gicas utilizadas y el grado en que se lograron los objetivos del proyecto.\n <\/span><\/p><\/li><li dir=\"ltr\" style=\"list-style-type:circle;font-size:12pt;font-family:Roboto,sans-serif;color:#000000;background-color:transparent;font-weight:400;font-style:normal;font-variant:normal;text-decoration:none;vertical-align:baseline;white-space:pre;\" aria-level=\"2\"><p dir=\"ltr\" style=\"line-height:1.3800000000000001;text-align: justify;margin-top:0pt;margin-bottom:0pt;\" role=\"presentation\"><span style=\"font-size:12pt;font-family:Arial,sans-serif;color:#000000;background-color:transparent;font-weight:700;font-style:normal;font-variant:normal;text-decoration:none;vertical-align:baseline;white-space:pre;white-space:pre-wrap;\">Ejemplo:<\/span><span style=\"font-size:12pt;font-family:Arial,sans-serif;color:#000000;background-color:transparent;font-weight:400;font-style:normal;font-variant:normal;text-decoration:none;vertical-align:baseline;white-space:pre;white-space:pre-wrap;\"> Evaluar si los estudiantes han mejorado en competencias interculturales y si han cumplido con los objetivos de aprendizaje previamente establecidos.\n <\/span><\/p><\/li><\/ul><li dir=\"ltr\" style=\"list-style-type:decimal;font-size:12pt;font-family:Arial,sans-serif;color:#000000;background-color:transparent;font-weight:400;font-style:normal;font-variant:normal;text-decoration:none;vertical-align:baseline;white-space:pre;\" aria-level=\"1\"><p dir=\"ltr\" style=\"line-height:1.3800000000000001;text-align: justify;margin-top:0pt;margin-bottom:0pt;\" role=\"presentation\"><span style=\"font-size:12pt;font-family:Arial,sans-serif;color:#000000;background-color:transparent;font-weight:700;font-style:normal;font-variant:normal;text-decoration:none;vertical-align:baseline;white-space:pre;white-space:pre-wrap;\">Sesiones de Retroalimentaci\u00f3n y Cierre\n <\/span><\/p><\/li><ul style=\"margin-top:0;margin-bottom:0;padding-inline-start:48px;\"><li dir=\"ltr\" style=\"list-style-type:circle;font-size:12pt;font-family:Roboto,sans-serif;color:#000000;background-color:transparent;font-weight:400;font-style:normal;font-variant:normal;text-decoration:none;vertical-align:baseline;white-space:pre;\" aria-level=\"2\"><p dir=\"ltr\" style=\"line-height:1.3800000000000001;text-align: justify;margin-top:0pt;margin-bottom:0pt;\" role=\"presentation\"><span style=\"font-size:12pt;font-family:Arial,sans-serif;color:#000000;background-color:transparent;font-weight:400;font-style:normal;font-variant:normal;text-decoration:none;vertical-align:baseline;white-space:pre;white-space:pre-wrap;\">Organiza sesiones de <\/span><span style=\"font-size:12pt;font-family:Arial,sans-serif;color:#000000;background-color:transparent;font-weight:700;font-style:normal;font-variant:normal;text-decoration:none;vertical-align:baseline;white-space:pre;white-space:pre-wrap;\">retroalimentaci\u00f3n<\/span><span style=\"font-size:12pt;font-family:Arial,sans-serif;color:#000000;background-color:transparent;font-weight:400;font-style:normal;font-variant:normal;text-decoration:none;vertical-align:baseline;white-space:pre;white-space:pre-wrap;\"> al final del proyecto, donde los estudiantes puedan compartir sus experiencias, aprendizajes y reflexiones finales. Estas sesiones tambi\u00e9n ofrecen una oportunidad para recibir comentarios de los colaboradores internacionales.\n <\/span><\/p><\/li><li dir=\"ltr\" style=\"list-style-type:circle;font-size:12pt;font-family:Roboto,sans-serif;color:#000000;background-color:transparent;font-weight:400;font-style:normal;font-variant:normal;text-decoration:none;vertical-align:baseline;white-space:pre;\" aria-level=\"2\"><p dir=\"ltr\" style=\"line-height:1.3800000000000001;text-align: justify;margin-top:0pt;margin-bottom:0pt;\" role=\"presentation\"><span style=\"font-size:12pt;font-family:Arial,sans-serif;color:#000000;background-color:transparent;font-weight:700;font-style:normal;font-variant:normal;text-decoration:none;vertical-align:baseline;white-space:pre;white-space:pre-wrap;\">Ejemplo:<\/span><span style=\"font-size:12pt;font-family:Arial,sans-serif;color:#000000;background-color:transparent;font-weight:400;font-style:normal;font-variant:normal;text-decoration:none;vertical-align:baseline;white-space:pre;white-space:pre-wrap;\"> Realizar una videoconferencia final en la que los estudiantes presenten sus conclusiones y eval\u00faen c\u00f3mo su perspectiva sobre el tema del proyecto ha cambiado a lo largo del curso.\n <\/span><\/p><\/li><\/ul><li dir=\"ltr\" style=\"list-style-type:decimal;font-size:12pt;font-family:Arial,sans-serif;color:#000000;background-color:transparent;font-weight:400;font-style:normal;font-variant:normal;text-decoration:none;vertical-align:baseline;white-space:pre;\" aria-level=\"1\"><p dir=\"ltr\" style=\"line-height:1.3800000000000001;text-align: justify;margin-top:0pt;margin-bottom:0pt;\" role=\"presentation\"><span style=\"font-size:12pt;font-family:Arial,sans-serif;color:#000000;background-color:transparent;font-weight:700;font-style:normal;font-variant:normal;text-decoration:none;vertical-align:baseline;white-space:pre;white-space:pre-wrap;\">Documentaci\u00f3n y Difusi\u00f3n de Resultados\n <\/span><\/p><\/li><ul style=\"margin-top:0;margin-bottom:0;padding-inline-start:48px;\"><li dir=\"ltr\" style=\"list-style-type:circle;font-size:12pt;font-family:Roboto,sans-serif;color:#000000;background-color:transparent;font-weight:400;font-style:normal;font-variant:normal;text-decoration:none;vertical-align:baseline;white-space:pre;\" aria-level=\"2\"><p dir=\"ltr\" style=\"line-height:1.3800000000000001;text-align: justify;margin-top:0pt;margin-bottom:0pt;\" role=\"presentation\"><span style=\"font-size:12pt;font-family:Arial,sans-serif;color:#000000;background-color:transparent;font-weight:700;font-style:normal;font-variant:normal;text-decoration:none;vertical-align:baseline;white-space:pre;white-space:pre-wrap;\">Compartir resultados:<\/span><span style=\"font-size:12pt;font-family:Arial,sans-serif;color:#000000;background-color:transparent;font-weight:400;font-style:normal;font-variant:normal;text-decoration:none;vertical-align:baseline;white-space:pre;white-space:pre-wrap;\"> Documenta los resultados del proyecto y comp\u00e1rtelos con la comunidad acad\u00e9mica local e internacional. Si es posible, <\/span><span style=\"font-size:12pt;font-family:Arial,sans-serif;color:#000000;background-color:transparent;font-weight:700;font-style:normal;font-variant:normal;text-decoration:none;vertical-align:baseline;white-space:pre;white-space:pre-wrap;\">difunde los resultados<\/span><span style=\"font-size:12pt;font-family:Arial,sans-serif;color:#000000;background-color:transparent;font-weight:400;font-style:normal;font-variant:normal;text-decoration:none;vertical-align:baseline;white-space:pre;white-space:pre-wrap;\"> en conferencias, seminarios o publicaciones acad\u00e9micas. Utiliza plataformas como blogs acad\u00e9micos, redes sociales profesionales o incluso medios de comunicaci\u00f3n acad\u00e9micos para compartir los logros y el impacto de la colaboraci\u00f3n internacional (Beelen &amp; Jones, 2015).\n <\/span><\/p><\/li><li dir=\"ltr\" style=\"list-style-type:circle;font-size:12pt;font-family:Roboto,sans-serif;color:#000000;background-color:transparent;font-weight:400;font-style:normal;font-variant:normal;text-decoration:none;vertical-align:baseline;white-space:pre;\" aria-level=\"2\"><p dir=\"ltr\" style=\"line-height:1.3800000000000001;text-align: justify;margin-top:0pt;margin-bottom:12pt;\" role=\"presentation\"><span style=\"font-size:12pt;font-family:Arial,sans-serif;color:#000000;background-color:transparent;font-weight:700;font-style:normal;font-variant:normal;text-decoration:none;vertical-align:baseline;white-space:pre;white-space:pre-wrap;\">Ejemplo:<\/span><span style=\"font-size:12pt;font-family:Arial,sans-serif;color:#000000;background-color:transparent;font-weight:400;font-style:normal;font-variant:normal;text-decoration:none;vertical-align:baseline;white-space:pre;white-space:pre-wrap;\"> Publicar un informe de resultados en un blog acad\u00e9mico o compartir los resultados en un congreso de educaci\u00f3n internacional.<\/span><\/p><\/li><\/ul><\/ol><h3 dir=\"ltr\" style=\"line-height:1.3800000000000001;text-align: justify;margin-top:14pt;margin-bottom:4pt;\"><span style=\"font-size:12pt;font-family:Arial,sans-serif;color:#000000;background-color:transparent;font-weight:700;font-style:normal;font-variant:normal;text-decoration:none;vertical-align:baseline;white-space:pre;white-space:pre-wrap;\">Tema Potencial y ODS para un Proyecto COIL Internacional: ODS 13 &#8211; Acci\u00f3n por el Clima<\/span><\/h3><p dir=\"ltr\" style=\"line-height:1.3800000000000001;text-align: justify;margin-top:12pt;margin-bottom:12pt;\"><span style=\"font-size:12pt;font-family:Arial,sans-serif;color:#000000;background-color:transparent;font-weight:400;font-style:normal;font-variant:normal;text-decoration:none;vertical-align:baseline;white-space:pre;white-space:pre-wrap;\">El <\/span><span style=\"font-size:12pt;font-family:Arial,sans-serif;color:#000000;background-color:transparent;font-weight:700;font-style:normal;font-variant:normal;text-decoration:none;vertical-align:baseline;white-space:pre;white-space:pre-wrap;\">Objetivo de Desarrollo Sostenible (ODS) 13<\/span><span style=\"font-size:12pt;font-family:Arial,sans-serif;color:#000000;background-color:transparent;font-weight:400;font-style:normal;font-variant:normal;text-decoration:none;vertical-align:baseline;white-space:pre;white-space:pre-wrap;\">, \u00abAcci\u00f3n por el Clima\u00bb, se presenta como un tema central especialmente adecuado para un proyecto COIL internacional. El cambio clim\u00e1tico es uno de los mayores desaf\u00edos globales de la actualidad, con impactos que trascienden fronteras y afectan a comunidades en todo el mundo (United Nations, 2015). Este objetivo de la ONU busca, entre otras cosas, fortalecer la educaci\u00f3n sobre el cambio clim\u00e1tico, mejorar la conciencia p\u00fablica y promover pol\u00edticas clim\u00e1ticas a nivel global y local. Un proyecto COIL sobre <\/span><span style=\"font-size:12pt;font-family:Arial,sans-serif;color:#000000;background-color:transparent;font-weight:700;font-style:normal;font-variant:normal;text-decoration:none;vertical-align:baseline;white-space:pre;white-space:pre-wrap;\">Acci\u00f3n por el Clima<\/span><span style=\"font-size:12pt;font-family:Arial,sans-serif;color:#000000;background-color:transparent;font-weight:400;font-style:normal;font-variant:normal;text-decoration:none;vertical-align:baseline;white-space:pre;white-space:pre-wrap;\"> puede ofrecer una plataforma \u00fanica para que estudiantes de diferentes pa\u00edses colaboren, aprendan unos de otros y trabajen de manera conjunta en soluciones pr\u00e1cticas y sostenibles.<\/span><\/p><h3 dir=\"ltr\" style=\"line-height:1.3800000000000001;text-align: justify;margin-top:14pt;margin-bottom:4pt;\"><span style=\"font-size:12pt;font-family:Arial,sans-serif;color:#000000;background-color:transparent;font-weight:700;font-style:normal;font-variant:normal;text-decoration:none;vertical-align:baseline;white-space:pre;white-space:pre-wrap;\">Justificaci\u00f3n del Tema: Cambio Clim\u00e1tico y su Relevancia Global<\/span><\/h3><p dir=\"ltr\" style=\"line-height:1.3800000000000001;text-align: justify;margin-top:12pt;margin-bottom:12pt;\"><span style=\"font-size:12pt;font-family:Arial,sans-serif;color:#000000;background-color:transparent;font-weight:400;font-style:normal;font-variant:normal;text-decoration:none;vertical-align:baseline;white-space:pre;white-space:pre-wrap;\">El cambio clim\u00e1tico es un fen\u00f3meno global que afecta a todas las regiones del planeta de diversas formas, desde fen\u00f3menos meteorol\u00f3gicos extremos hasta el aumento del nivel del mar y la p\u00e9rdida de biodiversidad (IPCC, 2014). Estos impactos son desiguales, afectando de manera m\u00e1s grave a los pa\u00edses en desarrollo, a las comunidades vulnerables y a los ecosistemas cr\u00edticos. La lucha contra el cambio clim\u00e1tico requiere un enfoque <\/span><span style=\"font-size:12pt;font-family:Arial,sans-serif;color:#000000;background-color:transparent;font-weight:700;font-style:normal;font-variant:normal;text-decoration:none;vertical-align:baseline;white-space:pre;white-space:pre-wrap;\">multidisciplinario y colaborativo<\/span><span style=\"font-size:12pt;font-family:Arial,sans-serif;color:#000000;background-color:transparent;font-weight:400;font-style:normal;font-variant:normal;text-decoration:none;vertical-align:baseline;white-space:pre;white-space:pre-wrap;\">, que combine conocimientos cient\u00edficos, pol\u00edticos, econ\u00f3micos y sociales.<\/span><\/p><p dir=\"ltr\" style=\"line-height:1.3800000000000001;text-align: justify;margin-top:12pt;margin-bottom:12pt;\"><span style=\"font-size:12pt;font-family:Arial,sans-serif;color:#000000;background-color:transparent;font-weight:400;font-style:normal;font-variant:normal;text-decoration:none;vertical-align:baseline;white-space:pre;white-space:pre-wrap;\">El ODS 13 aboga por <\/span><span style=\"font-size:12pt;font-family:Arial,sans-serif;color:#000000;background-color:transparent;font-weight:700;font-style:normal;font-variant:normal;text-decoration:none;vertical-align:baseline;white-space:pre;white-space:pre-wrap;\">acciones urgentes y coordinadas<\/span><span style=\"font-size:12pt;font-family:Arial,sans-serif;color:#000000;background-color:transparent;font-weight:400;font-style:normal;font-variant:normal;text-decoration:none;vertical-align:baseline;white-space:pre;white-space:pre-wrap;\"> a nivel mundial, nacional y local. En este sentido, los proyectos COIL son el veh\u00edculo ideal para fomentar la cooperaci\u00f3n internacional, ya que permiten que estudiantes de diversas culturas y contextos trabajen juntos para entender los impactos del cambio clim\u00e1tico y desarrollar soluciones innovadoras adaptadas a sus realidades locales.<\/span><\/p><h3 dir=\"ltr\" style=\"line-height:1.3800000000000001;text-align: justify;margin-top:14pt;margin-bottom:4pt;\"><span style=\"font-size:12pt;font-family:Arial,sans-serif;color:#000000;background-color:transparent;font-weight:700;font-style:normal;font-variant:normal;text-decoration:none;vertical-align:baseline;white-space:pre;white-space:pre-wrap;\">Posibles Enfoques y Actividades para un Proyecto COIL sobre el ODS 13<\/span><\/h3><h4 dir=\"ltr\" style=\"line-height:1.3800000000000001;text-align: justify;margin-top:12pt;margin-bottom:2pt;\"><span style=\"font-size:12pt;font-family:Arial,sans-serif;color:#000000;background-color:transparent;font-weight:700;font-style:normal;font-variant:normal;text-decoration:none;vertical-align:baseline;white-space:pre;white-space:pre-wrap;\">1. Investigaci\u00f3n Comparativa sobre Pol\u00edticas Locales de Cambio Clim\u00e1tico<\/span><\/h4><ul style=\"margin-top:0;margin-bottom:0;padding-inline-start:48px;\"><li dir=\"ltr\" style=\"list-style-type:disc;font-size:12pt;font-family:Arial,sans-serif;color:#000000;background-color:transparent;font-weight:400;font-style:normal;font-variant:normal;text-decoration:none;vertical-align:baseline;white-space:pre;\" aria-level=\"1\"><p dir=\"ltr\" style=\"line-height:1.3800000000000001;text-align: justify;margin-top:12pt;margin-bottom:0pt;\" role=\"presentation\"><span style=\"font-size:12pt;font-family:Arial,sans-serif;color:#000000;background-color:transparent;font-weight:700;font-style:normal;font-variant:normal;text-decoration:none;vertical-align:baseline;white-space:pre;white-space:pre-wrap;\">Objetivo:<\/span><span style=\"font-size:12pt;font-family:Arial,sans-serif;color:#000000;background-color:transparent;font-weight:400;font-style:normal;font-variant:normal;text-decoration:none;vertical-align:baseline;white-space:pre;white-space:pre-wrap;\"> Los estudiantes pueden investigar y comparar las pol\u00edticas locales de sus respectivos pa\u00edses o regiones relacionadas con el cambio clim\u00e1tico y la sostenibilidad.\n <\/span><\/p><\/li><li dir=\"ltr\" style=\"list-style-type:disc;font-size:12pt;font-family:Arial,sans-serif;color:#000000;background-color:transparent;font-weight:400;font-style:normal;font-variant:normal;text-decoration:none;vertical-align:baseline;white-space:pre;\" aria-level=\"1\"><p dir=\"ltr\" style=\"line-height:1.3800000000000001;text-align: justify;margin-top:0pt;margin-bottom:0pt;\" role=\"presentation\"><span style=\"font-size:12pt;font-family:Arial,sans-serif;color:#000000;background-color:transparent;font-weight:700;font-style:normal;font-variant:normal;text-decoration:none;vertical-align:baseline;white-space:pre;white-space:pre-wrap;\">Actividad:<\/span><span style=\"font-size:12pt;font-family:Arial,sans-serif;color:#000000;background-color:transparent;font-weight:400;font-style:normal;font-variant:normal;text-decoration:none;vertical-align:baseline;white-space:pre;white-space:pre-wrap;\"> Formar equipos de estudiantes de diferentes pa\u00edses que se encarguen de analizar las pol\u00edticas de cambio clim\u00e1tico de su pa\u00eds, estudiar sus fortalezas y debilidades, y presentar propuestas de mejora basadas en la experiencia de otros pa\u00edses. Los estudiantes pueden realizar entrevistas con expertos locales, revisar marcos legislativos y analizar datos sobre la efectividad de las pol\u00edticas.\n <\/span><\/p><\/li><li dir=\"ltr\" style=\"list-style-type:disc;font-size:12pt;font-family:Arial,sans-serif;color:#000000;background-color:transparent;font-weight:400;font-style:normal;font-variant:normal;text-decoration:none;vertical-align:baseline;white-space:pre;\" aria-level=\"1\"><p dir=\"ltr\" style=\"line-height:1.3800000000000001;text-align: justify;margin-top:0pt;margin-bottom:12pt;\" role=\"presentation\"><span style=\"font-size:12pt;font-family:Arial,sans-serif;color:#000000;background-color:transparent;font-weight:700;font-style:normal;font-variant:normal;text-decoration:none;vertical-align:baseline;white-space:pre;white-space:pre-wrap;\">Resultado esperado:<\/span><span style=\"font-size:12pt;font-family:Arial,sans-serif;color:#000000;background-color:transparent;font-weight:400;font-style:normal;font-variant:normal;text-decoration:none;vertical-align:baseline;white-space:pre;white-space:pre-wrap;\"> Presentaciones y un informe conjunto sobre pol\u00edticas locales de cambio clim\u00e1tico, con propuestas de pol\u00edticas p\u00fablicas basadas en la colaboraci\u00f3n internacional.<\/span><\/p><\/li><\/ul><h4 dir=\"ltr\" style=\"line-height:1.3800000000000001;text-align: justify;margin-top:12pt;margin-bottom:2pt;\"><span style=\"font-size:12pt;font-family:Arial,sans-serif;color:#000000;background-color:transparent;font-weight:700;font-style:normal;font-variant:normal;text-decoration:none;vertical-align:baseline;white-space:pre;white-space:pre-wrap;\">2. Impacto del Cambio Clim\u00e1tico en las Comunidades Locales<\/span><\/h4><ul style=\"margin-top:0;margin-bottom:0;padding-inline-start:48px;\"><li dir=\"ltr\" style=\"list-style-type:disc;font-size:12pt;font-family:Arial,sans-serif;color:#000000;background-color:transparent;font-weight:400;font-style:normal;font-variant:normal;text-decoration:none;vertical-align:baseline;white-space:pre;\" aria-level=\"1\"><p dir=\"ltr\" style=\"line-height:1.3800000000000001;text-align: justify;margin-top:12pt;margin-bottom:0pt;\" role=\"presentation\"><span style=\"font-size:12pt;font-family:Arial,sans-serif;color:#000000;background-color:transparent;font-weight:700;font-style:normal;font-variant:normal;text-decoration:none;vertical-align:baseline;white-space:pre;white-space:pre-wrap;\">Objetivo:<\/span><span style=\"font-size:12pt;font-family:Arial,sans-serif;color:#000000;background-color:transparent;font-weight:400;font-style:normal;font-variant:normal;text-decoration:none;vertical-align:baseline;white-space:pre;white-space:pre-wrap;\"> Estudiar c\u00f3mo el cambio clim\u00e1tico afecta a diferentes comunidades y sectores productivos en las distintas regiones de los participantes, como la agricultura, la salud p\u00fablica o la biodiversidad.\n <\/span><\/p><\/li><li dir=\"ltr\" style=\"list-style-type:disc;font-size:12pt;font-family:Arial,sans-serif;color:#000000;background-color:transparent;font-weight:400;font-style:normal;font-variant:normal;text-decoration:none;vertical-align:baseline;white-space:pre;\" aria-level=\"1\"><p dir=\"ltr\" style=\"line-height:1.3800000000000001;text-align: justify;margin-top:0pt;margin-bottom:0pt;\" role=\"presentation\"><span style=\"font-size:12pt;font-family:Arial,sans-serif;color:#000000;background-color:transparent;font-weight:700;font-style:normal;font-variant:normal;text-decoration:none;vertical-align:baseline;white-space:pre;white-space:pre-wrap;\">Actividad:<\/span><span style=\"font-size:12pt;font-family:Arial,sans-serif;color:#000000;background-color:transparent;font-weight:400;font-style:normal;font-variant:normal;text-decoration:none;vertical-align:baseline;white-space:pre;white-space:pre-wrap;\"> Los estudiantes pueden realizar un an\u00e1lisis del impacto clim\u00e1tico en sus respectivos pa\u00edses y colaborar en el dise\u00f1o de estrategias para mitigar estos impactos a nivel local. Esta actividad puede involucrar la recopilaci\u00f3n de datos, entrevistas con comunidades afectadas y expertos en el campo, y el uso de tecnolog\u00edas para el an\u00e1lisis de riesgos clim\u00e1ticos.\n <\/span><\/p><\/li><li dir=\"ltr\" style=\"list-style-type:disc;font-size:12pt;font-family:Arial,sans-serif;color:#000000;background-color:transparent;font-weight:400;font-style:normal;font-variant:normal;text-decoration:none;vertical-align:baseline;white-space:pre;\" aria-level=\"1\"><p dir=\"ltr\" style=\"line-height:1.3800000000000001;text-align: justify;margin-top:0pt;margin-bottom:12pt;\" role=\"presentation\"><span style=\"font-size:12pt;font-family:Arial,sans-serif;color:#000000;background-color:transparent;font-weight:700;font-style:normal;font-variant:normal;text-decoration:none;vertical-align:baseline;white-space:pre;white-space:pre-wrap;\">Resultado esperado:<\/span><span style=\"font-size:12pt;font-family:Arial,sans-serif;color:#000000;background-color:transparent;font-weight:400;font-style:normal;font-variant:normal;text-decoration:none;vertical-align:baseline;white-space:pre;white-space:pre-wrap;\"> Un informe que combine los an\u00e1lisis regionales y proponga soluciones locales basadas en el contexto cultural y socioecon\u00f3mico de cada comunidad.<\/span><\/p><\/li><\/ul><h4 dir=\"ltr\" style=\"line-height:1.3800000000000001;text-align: justify;margin-top:12pt;margin-bottom:2pt;\"><span style=\"font-size:12pt;font-family:Arial,sans-serif;color:#000000;background-color:transparent;font-weight:700;font-style:normal;font-variant:normal;text-decoration:none;vertical-align:baseline;white-space:pre;white-space:pre-wrap;\">3. Innovaci\u00f3n en Soluciones para la Mitigaci\u00f3n y Adaptaci\u00f3n al Cambio Clim\u00e1tico<\/span><\/h4><ul style=\"margin-top:0;margin-bottom:0;padding-inline-start:48px;\"><li dir=\"ltr\" style=\"list-style-type:disc;font-size:12pt;font-family:Arial,sans-serif;color:#000000;background-color:transparent;font-weight:400;font-style:normal;font-variant:normal;text-decoration:none;vertical-align:baseline;white-space:pre;\" aria-level=\"1\"><p dir=\"ltr\" style=\"line-height:1.3800000000000001;text-align: justify;margin-top:12pt;margin-bottom:0pt;\" role=\"presentation\"><span style=\"font-size:12pt;font-family:Arial,sans-serif;color:#000000;background-color:transparent;font-weight:700;font-style:normal;font-variant:normal;text-decoration:none;vertical-align:baseline;white-space:pre;white-space:pre-wrap;\">Objetivo:<\/span><span style=\"font-size:12pt;font-family:Arial,sans-serif;color:#000000;background-color:transparent;font-weight:400;font-style:normal;font-variant:normal;text-decoration:none;vertical-align:baseline;white-space:pre;white-space:pre-wrap;\"> Desarrollar propuestas innovadoras para mitigar los efectos del cambio clim\u00e1tico y adaptar las comunidades y econom\u00edas locales a los cambios ya en marcha.\n <\/span><\/p><\/li><li dir=\"ltr\" style=\"list-style-type:disc;font-size:12pt;font-family:Arial,sans-serif;color:#000000;background-color:transparent;font-weight:400;font-style:normal;font-variant:normal;text-decoration:none;vertical-align:baseline;white-space:pre;\" aria-level=\"1\"><p dir=\"ltr\" style=\"line-height:1.3800000000000001;text-align: justify;margin-top:0pt;margin-bottom:0pt;\" role=\"presentation\"><span style=\"font-size:12pt;font-family:Arial,sans-serif;color:#000000;background-color:transparent;font-weight:700;font-style:normal;font-variant:normal;text-decoration:none;vertical-align:baseline;white-space:pre;white-space:pre-wrap;\">Actividad:<\/span><span style=\"font-size:12pt;font-family:Arial,sans-serif;color:#000000;background-color:transparent;font-weight:400;font-style:normal;font-variant:normal;text-decoration:none;vertical-align:baseline;white-space:pre;white-space:pre-wrap;\"> A trav\u00e9s de un enfoque <\/span><span style=\"font-size:12pt;font-family:Arial,sans-serif;color:#000000;background-color:transparent;font-weight:700;font-style:normal;font-variant:normal;text-decoration:none;vertical-align:baseline;white-space:pre;white-space:pre-wrap;\">de aprendizaje basado en proyectos (ABP)<\/span><span style=\"font-size:12pt;font-family:Arial,sans-serif;color:#000000;background-color:transparent;font-weight:400;font-style:normal;font-variant:normal;text-decoration:none;vertical-align:baseline;white-space:pre;white-space:pre-wrap;\">, los estudiantes pueden trabajar juntos para crear soluciones tecnol\u00f3gicas, pol\u00edticas o sociales que aborden un desaf\u00edo espec\u00edfico relacionado con el cambio clim\u00e1tico. Pueden incluir temas como energ\u00edas renovables, agricultura sostenible, gesti\u00f3n de residuos, educaci\u00f3n clim\u00e1tica, o tecnolog\u00edas de reducci\u00f3n de emisiones de carbono.\n <\/span><\/p><\/li><li dir=\"ltr\" style=\"list-style-type:disc;font-size:12pt;font-family:Arial,sans-serif;color:#000000;background-color:transparent;font-weight:400;font-style:normal;font-variant:normal;text-decoration:none;vertical-align:baseline;white-space:pre;\" aria-level=\"1\"><p dir=\"ltr\" style=\"line-height:1.3800000000000001;text-align: justify;margin-top:0pt;margin-bottom:12pt;\" role=\"presentation\"><span style=\"font-size:12pt;font-family:Arial,sans-serif;color:#000000;background-color:transparent;font-weight:700;font-style:normal;font-variant:normal;text-decoration:none;vertical-align:baseline;white-space:pre;white-space:pre-wrap;\">Resultado esperado:<\/span><span style=\"font-size:12pt;font-family:Arial,sans-serif;color:#000000;background-color:transparent;font-weight:400;font-style:normal;font-variant:normal;text-decoration:none;vertical-align:baseline;white-space:pre;white-space:pre-wrap;\"> Propuestas de proyectos innovadores que los estudiantes pueden presentar como propuestas para implementar en sus comunidades locales, junto con una evaluaci\u00f3n de viabilidad y sostenibilidad.<\/span><\/p><\/li><\/ul><h4 dir=\"ltr\" style=\"line-height:1.3800000000000001;text-align: justify;margin-top:12pt;margin-bottom:2pt;\"><span style=\"font-size:12pt;font-family:Arial,sans-serif;color:#000000;background-color:transparent;font-weight:700;font-style:normal;font-variant:normal;text-decoration:none;vertical-align:baseline;white-space:pre;white-space:pre-wrap;\">4. Campa\u00f1as de Sensibilizaci\u00f3n y Educaci\u00f3n Clim\u00e1tica<\/span><\/h4><ul style=\"margin-top:0;margin-bottom:0;padding-inline-start:48px;\"><li dir=\"ltr\" style=\"list-style-type:disc;font-size:12pt;font-family:Arial,sans-serif;color:#000000;background-color:transparent;font-weight:400;font-style:normal;font-variant:normal;text-decoration:none;vertical-align:baseline;white-space:pre;\" aria-level=\"1\"><p dir=\"ltr\" style=\"line-height:1.3800000000000001;text-align: justify;margin-top:12pt;margin-bottom:0pt;\" role=\"presentation\"><span style=\"font-size:12pt;font-family:Arial,sans-serif;color:#000000;background-color:transparent;font-weight:700;font-style:normal;font-variant:normal;text-decoration:none;vertical-align:baseline;white-space:pre;white-space:pre-wrap;\">Objetivo:<\/span><span style=\"font-size:12pt;font-family:Arial,sans-serif;color:#000000;background-color:transparent;font-weight:400;font-style:normal;font-variant:normal;text-decoration:none;vertical-align:baseline;white-space:pre;white-space:pre-wrap;\"> Promover la <\/span><span style=\"font-size:12pt;font-family:Arial,sans-serif;color:#000000;background-color:transparent;font-weight:700;font-style:normal;font-variant:normal;text-decoration:none;vertical-align:baseline;white-space:pre;white-space:pre-wrap;\">concientizaci\u00f3n p\u00fablica<\/span><span style=\"font-size:12pt;font-family:Arial,sans-serif;color:#000000;background-color:transparent;font-weight:400;font-style:normal;font-variant:normal;text-decoration:none;vertical-align:baseline;white-space:pre;white-space:pre-wrap;\"> sobre el cambio clim\u00e1tico y sus efectos en las comunidades, integrando componentes educativos y comunicacionales.\n <\/span><\/p><\/li><li dir=\"ltr\" style=\"list-style-type:disc;font-size:12pt;font-family:Arial,sans-serif;color:#000000;background-color:transparent;font-weight:400;font-style:normal;font-variant:normal;text-decoration:none;vertical-align:baseline;white-space:pre;\" aria-level=\"1\"><p dir=\"ltr\" style=\"line-height:1.3800000000000001;text-align: justify;margin-top:0pt;margin-bottom:0pt;\" role=\"presentation\"><span style=\"font-size:12pt;font-family:Arial,sans-serif;color:#000000;background-color:transparent;font-weight:700;font-style:normal;font-variant:normal;text-decoration:none;vertical-align:baseline;white-space:pre;white-space:pre-wrap;\">Actividad:<\/span><span style=\"font-size:12pt;font-family:Arial,sans-serif;color:#000000;background-color:transparent;font-weight:400;font-style:normal;font-variant:normal;text-decoration:none;vertical-align:baseline;white-space:pre;white-space:pre-wrap;\"> Los estudiantes pueden dise\u00f1ar y ejecutar una campa\u00f1a de sensibilizaci\u00f3n sobre el cambio clim\u00e1tico dirigida a sus comunidades, utilizando medios digitales y tradicionales. Esta campa\u00f1a podr\u00eda incluir la creaci\u00f3n de contenidos (videos, infograf\u00edas, blogs) y la organizaci\u00f3n de eventos en l\u00ednea para informar sobre la importancia de tomar acciones locales contra el cambio clim\u00e1tico.\n <\/span><\/p><\/li><li dir=\"ltr\" style=\"list-style-type:disc;font-size:12pt;font-family:Arial,sans-serif;color:#000000;background-color:transparent;font-weight:400;font-style:normal;font-variant:normal;text-decoration:none;vertical-align:baseline;white-space:pre;\" aria-level=\"1\"><p dir=\"ltr\" style=\"line-height:1.3800000000000001;text-align: justify;margin-top:0pt;margin-bottom:12pt;\" role=\"presentation\"><span style=\"font-size:12pt;font-family:Arial,sans-serif;color:#000000;background-color:transparent;font-weight:700;font-style:normal;font-variant:normal;text-decoration:none;vertical-align:baseline;white-space:pre;white-space:pre-wrap;\">Resultado esperado:<\/span><span style=\"font-size:12pt;font-family:Arial,sans-serif;color:#000000;background-color:transparent;font-weight:400;font-style:normal;font-variant:normal;text-decoration:none;vertical-align:baseline;white-space:pre;white-space:pre-wrap;\"> Una campa\u00f1a multimedia que combine el alcance global de Internet con la conciencia local, capaz de sensibilizar a diferentes p\u00fablicos sobre la urgencia de adoptar pr\u00e1cticas sostenibles.<\/span><\/p><\/li><\/ul><h4 dir=\"ltr\" style=\"line-height:1.3800000000000001;text-align: justify;margin-top:12pt;margin-bottom:2pt;\"><span style=\"font-size:12pt;font-family:Arial,sans-serif;color:#000000;background-color:transparent;font-weight:700;font-style:normal;font-variant:normal;text-decoration:none;vertical-align:baseline;white-space:pre;white-space:pre-wrap;\">5. Evaluaci\u00f3n y Monitoreo del Cambio Clim\u00e1tico<\/span><\/h4><ul style=\"margin-top:0;margin-bottom:0;padding-inline-start:48px;\"><li dir=\"ltr\" style=\"list-style-type:disc;font-size:12pt;font-family:Arial,sans-serif;color:#000000;background-color:transparent;font-weight:400;font-style:normal;font-variant:normal;text-decoration:none;vertical-align:baseline;white-space:pre;\" aria-level=\"1\"><p dir=\"ltr\" style=\"line-height:1.3800000000000001;text-align: justify;margin-top:12pt;margin-bottom:0pt;\" role=\"presentation\"><span style=\"font-size:12pt;font-family:Arial,sans-serif;color:#000000;background-color:transparent;font-weight:700;font-style:normal;font-variant:normal;text-decoration:none;vertical-align:baseline;white-space:pre;white-space:pre-wrap;\">Objetivo:<\/span><span style=\"font-size:12pt;font-family:Arial,sans-serif;color:#000000;background-color:transparent;font-weight:400;font-style:normal;font-variant:normal;text-decoration:none;vertical-align:baseline;white-space:pre;white-space:pre-wrap;\"> Analizar m\u00e9todos para el <\/span><span style=\"font-size:12pt;font-family:Arial,sans-serif;color:#000000;background-color:transparent;font-weight:700;font-style:normal;font-variant:normal;text-decoration:none;vertical-align:baseline;white-space:pre;white-space:pre-wrap;\">monitoreo y la evaluaci\u00f3n de los efectos del cambio clim\u00e1tico<\/span><span style=\"font-size:12pt;font-family:Arial,sans-serif;color:#000000;background-color:transparent;font-weight:400;font-style:normal;font-variant:normal;text-decoration:none;vertical-align:baseline;white-space:pre;white-space:pre-wrap;\"> a nivel local, en \u00e1reas como la biodiversidad, las emisiones de carbono o la calidad del aire y el agua.\n <\/span><\/p><\/li><li dir=\"ltr\" style=\"list-style-type:disc;font-size:12pt;font-family:Arial,sans-serif;color:#000000;background-color:transparent;font-weight:400;font-style:normal;font-variant:normal;text-decoration:none;vertical-align:baseline;white-space:pre;\" aria-level=\"1\"><p dir=\"ltr\" style=\"line-height:1.3800000000000001;text-align: justify;margin-top:0pt;margin-bottom:0pt;\" role=\"presentation\"><span style=\"font-size:12pt;font-family:Arial,sans-serif;color:#000000;background-color:transparent;font-weight:700;font-style:normal;font-variant:normal;text-decoration:none;vertical-align:baseline;white-space:pre;white-space:pre-wrap;\">Actividad:<\/span><span style=\"font-size:12pt;font-family:Arial,sans-serif;color:#000000;background-color:transparent;font-weight:400;font-style:normal;font-variant:normal;text-decoration:none;vertical-align:baseline;white-space:pre;white-space:pre-wrap;\"> Los estudiantes pueden trabajar en conjunto para dise\u00f1ar herramientas para monitorear los efectos del cambio clim\u00e1tico en sus comunidades. Utilizando <\/span><span style=\"font-size:12pt;font-family:Arial,sans-serif;color:#000000;background-color:transparent;font-weight:700;font-style:normal;font-variant:normal;text-decoration:none;vertical-align:baseline;white-space:pre;white-space:pre-wrap;\">tecnolog\u00edas de monitoreo ambiental<\/span><span style=\"font-size:12pt;font-family:Arial,sans-serif;color:#000000;background-color:transparent;font-weight:400;font-style:normal;font-variant:normal;text-decoration:none;vertical-align:baseline;white-space:pre;white-space:pre-wrap;\"> y bases de datos en l\u00ednea, podr\u00edan recopilar datos sobre indicadores clave relacionados con el cambio clim\u00e1tico y generar informes sobre la situaci\u00f3n actual.\n <\/span><\/p><\/li><li dir=\"ltr\" style=\"list-style-type:disc;font-size:12pt;font-family:Arial,sans-serif;color:#000000;background-color:transparent;font-weight:400;font-style:normal;font-variant:normal;text-decoration:none;vertical-align:baseline;white-space:pre;\" aria-level=\"1\"><p dir=\"ltr\" style=\"line-height:1.3800000000000001;text-align: justify;margin-top:0pt;margin-bottom:12pt;\" role=\"presentation\"><span style=\"font-size:12pt;font-family:Arial,sans-serif;color:#000000;background-color:transparent;font-weight:700;font-style:normal;font-variant:normal;text-decoration:none;vertical-align:baseline;white-space:pre;white-space:pre-wrap;\">Resultado esperado:<\/span><span style=\"font-size:12pt;font-family:Arial,sans-serif;color:#000000;background-color:transparent;font-weight:400;font-style:normal;font-variant:normal;text-decoration:none;vertical-align:baseline;white-space:pre;white-space:pre-wrap;\"> Creaci\u00f3n de herramientas de monitoreo local, con un informe final que recoja el impacto del cambio clim\u00e1tico en diferentes regiones y sugiera medidas preventivas.<\/span><\/p><\/li><\/ul><h3 dir=\"ltr\" style=\"line-height:1.3800000000000001;text-align: justify;margin-top:14pt;margin-bottom:4pt;\"><span style=\"font-size:12pt;font-family:Arial,sans-serif;color:#000000;background-color:transparent;font-weight:700;font-style:normal;font-variant:normal;text-decoration:none;vertical-align:baseline;white-space:pre;white-space:pre-wrap;\">Metodolog\u00eda para el Proyecto COIL sobre el ODS 13<\/span><\/h3><ol style=\"margin-top:0;margin-bottom:0;padding-inline-start:48px;\"><li dir=\"ltr\" style=\"list-style-type:decimal;font-size:12pt;font-family:Arial,sans-serif;color:#000000;background-color:transparent;font-weight:400;font-style:normal;font-variant:normal;text-decoration:none;vertical-align:baseline;white-space:pre;\" aria-level=\"1\"><p dir=\"ltr\" style=\"line-height:1.3800000000000001;text-align: justify;margin-top:12pt;margin-bottom:0pt;\" role=\"presentation\"><span style=\"font-size:12pt;font-family:Arial,sans-serif;color:#000000;background-color:transparent;font-weight:700;font-style:normal;font-variant:normal;text-decoration:none;vertical-align:baseline;white-space:pre;white-space:pre-wrap;\">Trabajo colaborativo internacional:<\/span><span style=\"font-size:12pt;font-family:Arial,sans-serif;color:#000000;background-color:transparent;font-weight:400;font-style:normal;font-variant:normal;text-decoration:none;vertical-align:baseline;white-space:pre;white-space:pre-wrap;\"> Los estudiantes de distintas universidades e instituciones trabajar\u00e1n de manera conjunta a trav\u00e9s de plataformas digitales. Esto permitir\u00e1 que compartan sus perspectivas y enfoques, enriqueciendo las soluciones propuestas.\n <\/span><\/p><\/li><li dir=\"ltr\" style=\"list-style-type:decimal;font-size:12pt;font-family:Arial,sans-serif;color:#000000;background-color:transparent;font-weight:400;font-style:normal;font-variant:normal;text-decoration:none;vertical-align:baseline;white-space:pre;\" aria-level=\"1\"><p dir=\"ltr\" style=\"line-height:1.3800000000000001;text-align: justify;margin-top:0pt;margin-bottom:0pt;\" role=\"presentation\"><span style=\"font-size:12pt;font-family:Arial,sans-serif;color:#000000;background-color:transparent;font-weight:700;font-style:normal;font-variant:normal;text-decoration:none;vertical-align:baseline;white-space:pre;white-space:pre-wrap;\">Enfoques pedag\u00f3gicos activos:<\/span><span style=\"font-size:12pt;font-family:Arial,sans-serif;color:#000000;background-color:transparent;font-weight:400;font-style:normal;font-variant:normal;text-decoration:none;vertical-align:baseline;white-space:pre;white-space:pre-wrap;\"> Se utilizar\u00e1n metodolog\u00edas como <\/span><span style=\"font-size:12pt;font-family:Arial,sans-serif;color:#000000;background-color:transparent;font-weight:700;font-style:normal;font-variant:normal;text-decoration:none;vertical-align:baseline;white-space:pre;white-space:pre-wrap;\">ABP (Aprendizaje Basado en Proyectos)<\/span><span style=\"font-size:12pt;font-family:Arial,sans-serif;color:#000000;background-color:transparent;font-weight:400;font-style:normal;font-variant:normal;text-decoration:none;vertical-align:baseline;white-space:pre;white-space:pre-wrap;\">, <\/span><span style=\"font-size:12pt;font-family:Arial,sans-serif;color:#000000;background-color:transparent;font-weight:700;font-style:normal;font-variant:normal;text-decoration:none;vertical-align:baseline;white-space:pre;white-space:pre-wrap;\">aprendizaje cooperativo<\/span><span style=\"font-size:12pt;font-family:Arial,sans-serif;color:#000000;background-color:transparent;font-weight:400;font-style:normal;font-variant:normal;text-decoration:none;vertical-align:baseline;white-space:pre;white-space:pre-wrap;\"> y <\/span><span style=\"font-size:12pt;font-family:Arial,sans-serif;color:#000000;background-color:transparent;font-weight:700;font-style:normal;font-variant:normal;text-decoration:none;vertical-align:baseline;white-space:pre;white-space:pre-wrap;\">aprendizaje basado en retos<\/span><span style=\"font-size:12pt;font-family:Arial,sans-serif;color:#000000;background-color:transparent;font-weight:400;font-style:normal;font-variant:normal;text-decoration:none;vertical-align:baseline;white-space:pre;white-space:pre-wrap;\">, lo que incentivar\u00e1 la participaci\u00f3n activa y el desarrollo de competencias tanto acad\u00e9micas como interculturales.\n <\/span><\/p><\/li><li dir=\"ltr\" style=\"list-style-type:decimal;font-size:12pt;font-family:Arial,sans-serif;color:#000000;background-color:transparent;font-weight:400;font-style:normal;font-variant:normal;text-decoration:none;vertical-align:baseline;white-space:pre;\" aria-level=\"1\"><p dir=\"ltr\" style=\"line-height:1.3800000000000001;text-align: justify;margin-top:0pt;margin-bottom:12pt;\" role=\"presentation\"><span style=\"font-size:12pt;font-family:Arial,sans-serif;color:#000000;background-color:transparent;font-weight:700;font-style:normal;font-variant:normal;text-decoration:none;vertical-align:baseline;white-space:pre;white-space:pre-wrap;\">Herramientas tecnol\u00f3gicas:<\/span><span style=\"font-size:12pt;font-family:Arial,sans-serif;color:#000000;background-color:transparent;font-weight:400;font-style:normal;font-variant:normal;text-decoration:none;vertical-align:baseline;white-space:pre;white-space:pre-wrap;\"> El uso de plataformas como <\/span><span style=\"font-size:12pt;font-family:Arial,sans-serif;color:#000000;background-color:transparent;font-weight:700;font-style:normal;font-variant:normal;text-decoration:none;vertical-align:baseline;white-space:pre;white-space:pre-wrap;\">Zoom, Google Docs, Padlet, Trello, y otros recursos colaborativos<\/span><span style=\"font-size:12pt;font-family:Arial,sans-serif;color:#000000;background-color:transparent;font-weight:400;font-style:normal;font-variant:normal;text-decoration:none;vertical-align:baseline;white-space:pre;white-space:pre-wrap;\"> ser\u00e1 fundamental para facilitar la comunicaci\u00f3n, la creaci\u00f3n de contenidos y la gesti\u00f3n del proyecto a lo largo de sus diferentes fases.<\/span><\/p><\/li><\/ol><h3 dir=\"ltr\" style=\"line-height:1.3800000000000001;text-align: justify;margin-top:14pt;margin-bottom:4pt;\"><span style=\"font-size:12pt;font-family:Arial,sans-serif;color:#000000;background-color:transparent;font-weight:700;font-style:normal;font-variant:normal;text-decoration:none;vertical-align:baseline;white-space:pre;white-space:pre-wrap;\">Resultados Esperados y Beneficios del Proyecto COIL sobre el ODS 13<\/span><\/h3><ul style=\"margin-top:0;margin-bottom:0;padding-inline-start:48px;\"><li dir=\"ltr\" style=\"list-style-type:disc;font-size:12pt;font-family:Arial,sans-serif;color:#000000;background-color:transparent;font-weight:400;font-style:normal;font-variant:normal;text-decoration:none;vertical-align:baseline;white-space:pre;\" aria-level=\"1\"><p dir=\"ltr\" style=\"line-height:1.3800000000000001;text-align: justify;margin-top:12pt;margin-bottom:0pt;\" role=\"presentation\"><span style=\"font-size:12pt;font-family:Arial,sans-serif;color:#000000;background-color:transparent;font-weight:700;font-style:normal;font-variant:normal;text-decoration:none;vertical-align:baseline;white-space:pre;white-space:pre-wrap;\">Competencias adquiridas por los estudiantes:\n <\/span><\/p><\/li><ul style=\"margin-top:0;margin-bottom:0;padding-inline-start:48px;\"><li dir=\"ltr\" style=\"list-style-type:circle;font-size:12pt;font-family:Arial,sans-serif;color:#000000;background-color:transparent;font-weight:400;font-style:normal;font-variant:normal;text-decoration:none;vertical-align:baseline;white-space:pre;\" aria-level=\"2\"><p dir=\"ltr\" style=\"line-height:1.3800000000000001;text-align: justify;margin-top:0pt;margin-bottom:0pt;\" role=\"presentation\"><span style=\"font-size:12pt;font-family:Arial,sans-serif;color:#000000;background-color:transparent;font-weight:700;font-style:normal;font-variant:normal;text-decoration:none;vertical-align:baseline;white-space:pre;white-space:pre-wrap;\">Competencia intercultural:<\/span><span style=\"font-size:12pt;font-family:Arial,sans-serif;color:#000000;background-color:transparent;font-weight:400;font-style:normal;font-variant:normal;text-decoration:none;vertical-align:baseline;white-space:pre;white-space:pre-wrap;\"> A trav\u00e9s de la colaboraci\u00f3n internacional, los estudiantes podr\u00e1n aprender a trabajar con personas de diferentes culturas, lo que fortalecer\u00e1 su capacidad para gestionar y valorar la diversidad.\n <\/span><\/p><\/li><li dir=\"ltr\" style=\"list-style-type:circle;font-size:12pt;font-family:Arial,sans-serif;color:#000000;background-color:transparent;font-weight:400;font-style:normal;font-variant:normal;text-decoration:none;vertical-align:baseline;white-space:pre;\" aria-level=\"2\"><p dir=\"ltr\" style=\"line-height:1.3800000000000001;text-align: justify;margin-top:0pt;margin-bottom:0pt;\" role=\"presentation\"><span style=\"font-size:12pt;font-family:Arial,sans-serif;color:#000000;background-color:transparent;font-weight:700;font-style:normal;font-variant:normal;text-decoration:none;vertical-align:baseline;white-space:pre;white-space:pre-wrap;\">Habilidades de investigaci\u00f3n y an\u00e1lisis:<\/span><span style=\"font-size:12pt;font-family:Arial,sans-serif;color:#000000;background-color:transparent;font-weight:400;font-style:normal;font-variant:normal;text-decoration:none;vertical-align:baseline;white-space:pre;white-space:pre-wrap;\"> Los estudiantes desarrollar\u00e1n habilidades para realizar investigaciones comparativas sobre pol\u00edticas p\u00fablicas y efectos del cambio clim\u00e1tico en diversas regiones.\n <\/span><\/p><\/li><li dir=\"ltr\" style=\"list-style-type:circle;font-size:12pt;font-family:Arial,sans-serif;color:#000000;background-color:transparent;font-weight:400;font-style:normal;font-variant:normal;text-decoration:none;vertical-align:baseline;white-space:pre;\" aria-level=\"2\"><p dir=\"ltr\" style=\"line-height:1.3800000000000001;text-align: justify;margin-top:0pt;margin-bottom:0pt;\" role=\"presentation\"><span style=\"font-size:12pt;font-family:Arial,sans-serif;color:#000000;background-color:transparent;font-weight:700;font-style:normal;font-variant:normal;text-decoration:none;vertical-align:baseline;white-space:pre;white-space:pre-wrap;\">Innovaci\u00f3n y creatividad:<\/span><span style=\"font-size:12pt;font-family:Arial,sans-serif;color:#000000;background-color:transparent;font-weight:400;font-style:normal;font-variant:normal;text-decoration:none;vertical-align:baseline;white-space:pre;white-space:pre-wrap;\"> Ser\u00e1n desafiados a generar soluciones innovadoras para enfrentar los problemas clim\u00e1ticos de sus comunidades.\n <\/span><\/p><\/li><\/ul><li dir=\"ltr\" style=\"list-style-type:disc;font-size:12pt;font-family:Arial,sans-serif;color:#000000;background-color:transparent;font-weight:400;font-style:normal;font-variant:normal;text-decoration:none;vertical-align:baseline;white-space:pre;\" aria-level=\"1\"><p dir=\"ltr\" style=\"line-height:1.3800000000000001;text-align: justify;margin-top:0pt;margin-bottom:12pt;\" role=\"presentation\"><span style=\"font-size:12pt;font-family:Arial,sans-serif;color:#000000;background-color:transparent;font-weight:700;font-style:normal;font-variant:normal;text-decoration:none;vertical-align:baseline;white-space:pre;white-space:pre-wrap;\">Impacto potencial en la comunidad:<\/span><span style=\"font-size:12pt;font-family:Arial,sans-serif;color:#000000;background-color:transparent;font-weight:400;font-style:normal;font-variant:normal;text-decoration:none;vertical-align:baseline;white-space:pre;white-space:pre-wrap;\"> Este proyecto puede generar conciencia sobre el cambio clim\u00e1tico a nivel local e internacional y proporcionar a las comunidades estrategias pr\u00e1cticas para mitigar y adaptarse a sus efectos. Adem\u00e1s, las propuestas generadas pueden ser implementadas en las comunidades locales de los estudiantes.<\/span><\/p><\/li><\/ul><h3 dir=\"ltr\" style=\"line-height:1.3800000000000001;text-align: justify;margin-top:14pt;margin-bottom:4pt;\"><span style=\"font-size:12pt;font-family:Arial,sans-serif;color:#000000;background-color:transparent;font-weight:700;font-style:normal;font-variant:normal;text-decoration:none;vertical-align:baseline;white-space:pre;white-space:pre-wrap;\">Identificaci\u00f3n de Colaboradores Potenciales<\/span><\/h3><p dir=\"ltr\" style=\"line-height:1.3800000000000001;text-align: justify;margin-top:12pt;margin-bottom:12pt;\"><span style=\"font-size:12pt;font-family:Arial,sans-serif;color:#000000;background-color:transparent;font-weight:400;font-style:normal;font-variant:normal;text-decoration:none;vertical-align:baseline;white-space:pre;white-space:pre-wrap;\">Los colaboradores ideales para un proyecto COIL sobre el cambio clim\u00e1tico y la sostenibilidad son aquellos que tienen un enfoque com\u00fan en <\/span><span style=\"font-size:12pt;font-family:Arial,sans-serif;color:#000000;background-color:transparent;font-weight:700;font-style:normal;font-variant:normal;text-decoration:none;vertical-align:baseline;white-space:pre;white-space:pre-wrap;\">ciencias ambientales<\/span><span style=\"font-size:12pt;font-family:Arial,sans-serif;color:#000000;background-color:transparent;font-weight:400;font-style:normal;font-variant:normal;text-decoration:none;vertical-align:baseline;white-space:pre;white-space:pre-wrap;\">, <\/span><span style=\"font-size:12pt;font-family:Arial,sans-serif;color:#000000;background-color:transparent;font-weight:700;font-style:normal;font-variant:normal;text-decoration:none;vertical-align:baseline;white-space:pre;white-space:pre-wrap;\">estudios internacionales<\/span><span style=\"font-size:12pt;font-family:Arial,sans-serif;color:#000000;background-color:transparent;font-weight:400;font-style:normal;font-variant:normal;text-decoration:none;vertical-align:baseline;white-space:pre;white-space:pre-wrap;\">, <\/span><span style=\"font-size:12pt;font-family:Arial,sans-serif;color:#000000;background-color:transparent;font-weight:700;font-style:normal;font-variant:normal;text-decoration:none;vertical-align:baseline;white-space:pre;white-space:pre-wrap;\">sostenibilidad<\/span><span style=\"font-size:12pt;font-family:Arial,sans-serif;color:#000000;background-color:transparent;font-weight:400;font-style:normal;font-variant:normal;text-decoration:none;vertical-align:baseline;white-space:pre;white-space:pre-wrap;\"> y <\/span><span style=\"font-size:12pt;font-family:Arial,sans-serif;color:#000000;background-color:transparent;font-weight:700;font-style:normal;font-variant:normal;text-decoration:none;vertical-align:baseline;white-space:pre;white-space:pre-wrap;\">pol\u00edticas p\u00fablicas globales<\/span><span style=\"font-size:12pt;font-family:Arial,sans-serif;color:#000000;background-color:transparent;font-weight:400;font-style:normal;font-variant:normal;text-decoration:none;vertical-align:baseline;white-space:pre;white-space:pre-wrap;\">. Es crucial seleccionar instituciones educativas y expertos que compartan un compromiso genuino con la <\/span><span style=\"font-size:12pt;font-family:Arial,sans-serif;color:#000000;background-color:transparent;font-weight:700;font-style:normal;font-variant:normal;text-decoration:none;vertical-align:baseline;white-space:pre;white-space:pre-wrap;\">educaci\u00f3n global<\/span><span style=\"font-size:12pt;font-family:Arial,sans-serif;color:#000000;background-color:transparent;font-weight:400;font-style:normal;font-variant:normal;text-decoration:none;vertical-align:baseline;white-space:pre;white-space:pre-wrap;\">, la <\/span><span style=\"font-size:12pt;font-family:Arial,sans-serif;color:#000000;background-color:transparent;font-weight:700;font-style:normal;font-variant:normal;text-decoration:none;vertical-align:baseline;white-space:pre;white-space:pre-wrap;\">colaboraci\u00f3n internacional<\/span><span style=\"font-size:12pt;font-family:Arial,sans-serif;color:#000000;background-color:transparent;font-weight:400;font-style:normal;font-variant:normal;text-decoration:none;vertical-align:baseline;white-space:pre;white-space:pre-wrap;\"> y los <\/span><span style=\"font-size:12pt;font-family:Arial,sans-serif;color:#000000;background-color:transparent;font-weight:700;font-style:normal;font-variant:normal;text-decoration:none;vertical-align:baseline;white-space:pre;white-space:pre-wrap;\">Objetivos de Desarrollo Sostenible (ODS)<\/span><span style=\"font-size:12pt;font-family:Arial,sans-serif;color:#000000;background-color:transparent;font-weight:400;font-style:normal;font-variant:normal;text-decoration:none;vertical-align:baseline;white-space:pre;white-space:pre-wrap;\">. A continuaci\u00f3n, se detallan los tipos de colaboradores potenciales que pueden enriquecer el proyecto COIL:<\/span><\/p><h4 dir=\"ltr\" style=\"line-height:1.3800000000000001;text-align: justify;margin-top:12pt;margin-bottom:2pt;\"><span style=\"font-size:12pt;font-family:Arial,sans-serif;color:#000000;background-color:transparent;font-weight:700;font-style:normal;font-variant:normal;text-decoration:none;vertical-align:baseline;white-space:pre;white-space:pre-wrap;\">1. Universidades y Facultades Especializadas en Sostenibilidad y Ciencias Ambientales<\/span><\/h4><ul style=\"margin-top:0;margin-bottom:0;padding-inline-start:48px;\"><li dir=\"ltr\" style=\"list-style-type:disc;font-size:12pt;font-family:Arial,sans-serif;color:#000000;background-color:transparent;font-weight:400;font-style:normal;font-variant:normal;text-decoration:none;vertical-align:baseline;white-space:pre;\" aria-level=\"1\"><p dir=\"ltr\" style=\"line-height:1.3800000000000001;text-align: justify;margin-top:12pt;margin-bottom:0pt;\" role=\"presentation\"><span style=\"font-size:12pt;font-family:Arial,sans-serif;color:#000000;background-color:transparent;font-weight:700;font-style:normal;font-variant:normal;text-decoration:none;vertical-align:baseline;white-space:pre;white-space:pre-wrap;\">\u00c1reas de enfoque<\/span><span style=\"font-size:12pt;font-family:Arial,sans-serif;color:#000000;background-color:transparent;font-weight:400;font-style:normal;font-variant:normal;text-decoration:none;vertical-align:baseline;white-space:pre;white-space:pre-wrap;\">: Ciencias ambientales, pol\u00edticas p\u00fablicas de cambio clim\u00e1tico, energ\u00edas renovables, ecolog\u00eda, desarrollo sostenible.\n <\/span><\/p><\/li><li dir=\"ltr\" style=\"list-style-type:disc;font-size:12pt;font-family:Arial,sans-serif;color:#000000;background-color:transparent;font-weight:400;font-style:normal;font-variant:normal;text-decoration:none;vertical-align:baseline;white-space:pre;\" aria-level=\"1\"><p dir=\"ltr\" style=\"line-height:1.3800000000000001;text-align: justify;margin-top:0pt;margin-bottom:12pt;\" role=\"presentation\"><span style=\"font-size:12pt;font-family:Arial,sans-serif;color:#000000;background-color:transparent;font-weight:700;font-style:normal;font-variant:normal;text-decoration:none;vertical-align:baseline;white-space:pre;white-space:pre-wrap;\">Tipo de colaboraci\u00f3n<\/span><span style=\"font-size:12pt;font-family:Arial,sans-serif;color:#000000;background-color:transparent;font-weight:400;font-style:normal;font-variant:normal;text-decoration:none;vertical-align:baseline;white-space:pre;white-space:pre-wrap;\">: Los docentes y estudiantes de estos programas pueden ser fundamentales para proporcionar una base cient\u00edfica y t\u00e9cnica s\u00f3lida, realizando investigaciones y proponiendo soluciones innovadoras a los desaf\u00edos del cambio clim\u00e1tico.\n <\/span><\/p><\/li><\/ul><h4 dir=\"ltr\" style=\"line-height:1.3800000000000001;text-align: justify;margin-top:12pt;margin-bottom:2pt;\"><span style=\"font-size:12pt;font-family:Arial,sans-serif;color:#000000;background-color:transparent;font-weight:700;font-style:normal;font-variant:normal;text-decoration:none;vertical-align:baseline;white-space:pre;white-space:pre-wrap;\">2. Instituciones de Investigaci\u00f3n y Think Tanks Globales<\/span><\/h4><ul style=\"margin-top:0;margin-bottom:0;padding-inline-start:48px;\"><li dir=\"ltr\" style=\"list-style-type:disc;font-size:12pt;font-family:Arial,sans-serif;color:#000000;background-color:transparent;font-weight:400;font-style:normal;font-variant:normal;text-decoration:none;vertical-align:baseline;white-space:pre;\" aria-level=\"1\"><p dir=\"ltr\" style=\"line-height:1.3800000000000001;text-align: justify;margin-top:12pt;margin-bottom:0pt;\" role=\"presentation\"><span style=\"font-size:12pt;font-family:Arial,sans-serif;color:#000000;background-color:transparent;font-weight:700;font-style:normal;font-variant:normal;text-decoration:none;vertical-align:baseline;white-space:pre;white-space:pre-wrap;\">\u00c1reas de enfoque<\/span><span style=\"font-size:12pt;font-family:Arial,sans-serif;color:#000000;background-color:transparent;font-weight:400;font-style:normal;font-variant:normal;text-decoration:none;vertical-align:baseline;white-space:pre;white-space:pre-wrap;\">: An\u00e1lisis de pol\u00edticas p\u00fablicas, cambio clim\u00e1tico, gesti\u00f3n de recursos naturales, adaptaci\u00f3n y mitigaci\u00f3n de impactos.\n <\/span><\/p><\/li><li dir=\"ltr\" style=\"list-style-type:disc;font-size:12pt;font-family:Arial,sans-serif;color:#000000;background-color:transparent;font-weight:400;font-style:normal;font-variant:normal;text-decoration:none;vertical-align:baseline;white-space:pre;\" aria-level=\"1\"><p dir=\"ltr\" style=\"line-height:1.3800000000000001;text-align: justify;margin-top:0pt;margin-bottom:12pt;\" role=\"presentation\"><span style=\"font-size:12pt;font-family:Arial,sans-serif;color:#000000;background-color:transparent;font-weight:700;font-style:normal;font-variant:normal;text-decoration:none;vertical-align:baseline;white-space:pre;white-space:pre-wrap;\">Tipo de colaboraci\u00f3n<\/span><span style=\"font-size:12pt;font-family:Arial,sans-serif;color:#000000;background-color:transparent;font-weight:400;font-style:normal;font-variant:normal;text-decoration:none;vertical-align:baseline;white-space:pre;white-space:pre-wrap;\">: Aportar\u00e1n datos, estudios de caso y metodolog\u00edas avanzadas de investigaci\u00f3n, y pueden actuar como consultores o asesores en las diferentes fases del proyecto.<\/span><\/p><\/li><\/ul><h4 dir=\"ltr\" style=\"line-height:1.3800000000000001;text-align: justify;margin-top:12pt;margin-bottom:2pt;\"><span style=\"font-size:12pt;font-family:Arial,sans-serif;color:#000000;background-color:transparent;font-weight:700;font-style:normal;font-variant:normal;text-decoration:none;vertical-align:baseline;white-space:pre;white-space:pre-wrap;\">3. Organizaciones Internacionales y ONGs en el \u00c1mbito Ambiental<\/span><\/h4><ul style=\"margin-top:0;margin-bottom:0;padding-inline-start:48px;\"><li dir=\"ltr\" style=\"list-style-type:disc;font-size:12pt;font-family:Arial,sans-serif;color:#000000;background-color:transparent;font-weight:400;font-style:normal;font-variant:normal;text-decoration:none;vertical-align:baseline;white-space:pre;\" aria-level=\"1\"><p dir=\"ltr\" style=\"line-height:1.3800000000000001;text-align: justify;margin-top:12pt;margin-bottom:0pt;\" role=\"presentation\"><span style=\"font-size:12pt;font-family:Arial,sans-serif;color:#000000;background-color:transparent;font-weight:700;font-style:normal;font-variant:normal;text-decoration:none;vertical-align:baseline;white-space:pre;white-space:pre-wrap;\">\u00c1reas de enfoque<\/span><span style=\"font-size:12pt;font-family:Arial,sans-serif;color:#000000;background-color:transparent;font-weight:400;font-style:normal;font-variant:normal;text-decoration:none;vertical-align:baseline;white-space:pre;white-space:pre-wrap;\">: Educaci\u00f3n ambiental, desarrollo sostenible, pol\u00edticas clim\u00e1ticas internacionales.\n <\/span><\/p><\/li><li dir=\"ltr\" style=\"list-style-type:disc;font-size:12pt;font-family:Arial,sans-serif;color:#000000;background-color:transparent;font-weight:400;font-style:normal;font-variant:normal;text-decoration:none;vertical-align:baseline;white-space:pre;\" aria-level=\"1\"><p dir=\"ltr\" style=\"line-height:1.3800000000000001;text-align: justify;margin-top:0pt;margin-bottom:12pt;\" role=\"presentation\"><span style=\"font-size:12pt;font-family:Arial,sans-serif;color:#000000;background-color:transparent;font-weight:700;font-style:normal;font-variant:normal;text-decoration:none;vertical-align:baseline;white-space:pre;white-space:pre-wrap;\">Tipo de colaboraci\u00f3n<\/span><span style=\"font-size:12pt;font-family:Arial,sans-serif;color:#000000;background-color:transparent;font-weight:400;font-style:normal;font-variant:normal;text-decoration:none;vertical-align:baseline;white-space:pre;white-space:pre-wrap;\">: Estas organizaciones pueden proporcionar una visi\u00f3n m\u00e1s global de los desaf\u00edos y soluciones sobre el cambio clim\u00e1tico, apoyando la implementaci\u00f3n de proyectos sobre el terreno o en \u00e1reas espec\u00edficas.<\/span><\/p><\/li><\/ul><h4 dir=\"ltr\" style=\"line-height:1.3800000000000001;text-align: justify;margin-top:12pt;margin-bottom:2pt;\"><span style=\"font-size:12pt;font-family:Arial,sans-serif;color:#000000;background-color:transparent;font-weight:700;font-style:normal;font-variant:normal;text-decoration:none;vertical-align:baseline;white-space:pre;white-space:pre-wrap;\">4. Profesionales en el \u00c1mbito de la Educaci\u00f3n y Formaci\u00f3n sobre el Cambio Clim\u00e1tico<\/span><\/h4><ul style=\"margin-top:0;margin-bottom:0;padding-inline-start:48px;\"><li dir=\"ltr\" style=\"list-style-type:disc;font-size:12pt;font-family:Arial,sans-serif;color:#000000;background-color:transparent;font-weight:400;font-style:normal;font-variant:normal;text-decoration:none;vertical-align:baseline;white-space:pre;\" aria-level=\"1\"><p dir=\"ltr\" style=\"line-height:1.3800000000000001;text-align: justify;margin-top:12pt;margin-bottom:0pt;\" role=\"presentation\"><span style=\"font-size:12pt;font-family:Arial,sans-serif;color:#000000;background-color:transparent;font-weight:700;font-style:normal;font-variant:normal;text-decoration:none;vertical-align:baseline;white-space:pre;white-space:pre-wrap;\">\u00c1reas de enfoque<\/span><span style=\"font-size:12pt;font-family:Arial,sans-serif;color:#000000;background-color:transparent;font-weight:400;font-style:normal;font-variant:normal;text-decoration:none;vertical-align:baseline;white-space:pre;white-space:pre-wrap;\">: Programas educativos sobre sostenibilidad, formaci\u00f3n en cambio clim\u00e1tico, capacitaci\u00f3n docente.\n <\/span><\/p><\/li><li dir=\"ltr\" style=\"list-style-type:disc;font-size:12pt;font-family:Arial,sans-serif;color:#000000;background-color:transparent;font-weight:400;font-style:normal;font-variant:normal;text-decoration:none;vertical-align:baseline;white-space:pre;\" aria-level=\"1\"><p dir=\"ltr\" style=\"line-height:1.3800000000000001;text-align: justify;margin-top:0pt;margin-bottom:12pt;\" role=\"presentation\"><span style=\"font-size:12pt;font-family:Arial,sans-serif;color:#000000;background-color:transparent;font-weight:700;font-style:normal;font-variant:normal;text-decoration:none;vertical-align:baseline;white-space:pre;white-space:pre-wrap;\">Tipo de colaboraci\u00f3n<\/span><span style=\"font-size:12pt;font-family:Arial,sans-serif;color:#000000;background-color:transparent;font-weight:400;font-style:normal;font-variant:normal;text-decoration:none;vertical-align:baseline;white-space:pre;white-space:pre-wrap;\">: Estos expertos pueden desarrollar m\u00f3dulos de formaci\u00f3n o proporcionar talleres interactivos sobre las mejores pr\u00e1cticas educativas para la sensibilizaci\u00f3n sobre el cambio clim\u00e1tico.<\/span><\/p><\/li><\/ul><h4 dir=\"ltr\" style=\"line-height:1.3800000000000001;text-align: justify;margin-top:12pt;margin-bottom:2pt;\"><span style=\"font-size:12pt;font-family:Arial,sans-serif;color:#000000;background-color:transparent;font-weight:700;font-style:normal;font-variant:normal;text-decoration:none;vertical-align:baseline;white-space:pre;white-space:pre-wrap;\">5. Empresas y Startups en Tecnolog\u00eda Ambiental<\/span><\/h4><ul style=\"margin-top:0;margin-bottom:0;padding-inline-start:48px;\"><li dir=\"ltr\" style=\"list-style-type:disc;font-size:12pt;font-family:Arial,sans-serif;color:#000000;background-color:transparent;font-weight:400;font-style:normal;font-variant:normal;text-decoration:none;vertical-align:baseline;white-space:pre;\" aria-level=\"1\"><p dir=\"ltr\" style=\"line-height:1.3800000000000001;text-align: justify;margin-top:12pt;margin-bottom:0pt;\" role=\"presentation\"><span style=\"font-size:12pt;font-family:Arial,sans-serif;color:#000000;background-color:transparent;font-weight:700;font-style:normal;font-variant:normal;text-decoration:none;vertical-align:baseline;white-space:pre;white-space:pre-wrap;\">\u00c1reas de enfoque<\/span><span style=\"font-size:12pt;font-family:Arial,sans-serif;color:#000000;background-color:transparent;font-weight:400;font-style:normal;font-variant:normal;text-decoration:none;vertical-align:baseline;white-space:pre;white-space:pre-wrap;\">: Innovaci\u00f3n tecnol\u00f3gica, soluciones verdes, energ\u00edas limpias, econom\u00eda circular.\n <\/span><\/p><\/li><li dir=\"ltr\" style=\"list-style-type:disc;font-size:12pt;font-family:Arial,sans-serif;color:#000000;background-color:transparent;font-weight:400;font-style:normal;font-variant:normal;text-decoration:none;vertical-align:baseline;white-space:pre;\" aria-level=\"1\"><p dir=\"ltr\" style=\"line-height:1.3800000000000001;text-align: justify;margin-top:0pt;margin-bottom:12pt;\" role=\"presentation\"><span style=\"font-size:12pt;font-family:Arial,sans-serif;color:#000000;background-color:transparent;font-weight:700;font-style:normal;font-variant:normal;text-decoration:none;vertical-align:baseline;white-space:pre;white-space:pre-wrap;\">Tipo de colaboraci\u00f3n<\/span><span style=\"font-size:12pt;font-family:Arial,sans-serif;color:#000000;background-color:transparent;font-weight:400;font-style:normal;font-variant:normal;text-decoration:none;vertical-align:baseline;white-space:pre;white-space:pre-wrap;\">: Las empresas innovadoras que trabajan en soluciones tecnol\u00f3gicas sostenibles pueden aportar herramientas digitales, aplicaciones y recursos tecnol\u00f3gicos \u00fatiles para la investigaci\u00f3n y el monitoreo de los impactos del cambio clim\u00e1tico.<\/span><\/p><\/li><\/ul><h3 dir=\"ltr\" style=\"line-height:1.3800000000000001;text-align: justify;margin-top:14pt;margin-bottom:4pt;\"><span style=\"font-size:12pt;font-family:Arial,sans-serif;color:#000000;background-color:transparent;font-weight:700;font-style:normal;font-variant:normal;text-decoration:none;vertical-align:baseline;white-space:pre;white-space:pre-wrap;\">C\u00f3mo Invitar a los Colaboradores Potenciales<\/span><\/h3><p dir=\"ltr\" style=\"line-height:1.3800000000000001;text-align: justify;margin-top:12pt;margin-bottom:12pt;\"><span style=\"font-size:12pt;font-family:Arial,sans-serif;color:#000000;background-color:transparent;font-weight:400;font-style:normal;font-variant:normal;text-decoration:none;vertical-align:baseline;white-space:pre;white-space:pre-wrap;\">La invitaci\u00f3n a participar en un proyecto COIL debe ser profesional, clara y motivadora, destacando los beneficios mutuos de la colaboraci\u00f3n internacional. A continuaci\u00f3n, se detallan las mejores pr\u00e1cticas para invitar a los colaboradores potenciales:<\/span><\/p><h4 dir=\"ltr\" style=\"line-height:1.3800000000000001;text-align: justify;margin-top:12pt;margin-bottom:2pt;\"><span style=\"font-size:12pt;font-family:Arial,sans-serif;color:#000000;background-color:transparent;font-weight:700;font-style:normal;font-variant:normal;text-decoration:none;vertical-align:baseline;white-space:pre;white-space:pre-wrap;\">1. Desarrollar una Invitaci\u00f3n Formal y Personalizada<\/span><\/h4><p dir=\"ltr\" style=\"line-height:1.3800000000000001;text-align: justify;margin-top:12pt;margin-bottom:12pt;\"><span style=\"font-size:12pt;font-family:Arial,sans-serif;color:#000000;background-color:transparent;font-weight:400;font-style:normal;font-variant:normal;text-decoration:none;vertical-align:baseline;white-space:pre;white-space:pre-wrap;\">La invitaci\u00f3n debe ser clara y espec\u00edfica en cuanto a los <\/span><span style=\"font-size:12pt;font-family:Arial,sans-serif;color:#000000;background-color:transparent;font-weight:700;font-style:normal;font-variant:normal;text-decoration:none;vertical-align:baseline;white-space:pre;white-space:pre-wrap;\">objetivos del proyecto<\/span><span style=\"font-size:12pt;font-family:Arial,sans-serif;color:#000000;background-color:transparent;font-weight:400;font-style:normal;font-variant:normal;text-decoration:none;vertical-align:baseline;white-space:pre;white-space:pre-wrap;\">, las <\/span><span style=\"font-size:12pt;font-family:Arial,sans-serif;color:#000000;background-color:transparent;font-weight:700;font-style:normal;font-variant:normal;text-decoration:none;vertical-align:baseline;white-space:pre;white-space:pre-wrap;\">actividades clave<\/span><span style=\"font-size:12pt;font-family:Arial,sans-serif;color:#000000;background-color:transparent;font-weight:400;font-style:normal;font-variant:normal;text-decoration:none;vertical-align:baseline;white-space:pre;white-space:pre-wrap;\">, el tipo de <\/span><span style=\"font-size:12pt;font-family:Arial,sans-serif;color:#000000;background-color:transparent;font-weight:700;font-style:normal;font-variant:normal;text-decoration:none;vertical-align:baseline;white-space:pre;white-space:pre-wrap;\">colaboraci\u00f3n esperada<\/span><span style=\"font-size:12pt;font-family:Arial,sans-serif;color:#000000;background-color:transparent;font-weight:400;font-style:normal;font-variant:normal;text-decoration:none;vertical-align:baseline;white-space:pre;white-space:pre-wrap;\"> y los <\/span><span style=\"font-size:12pt;font-family:Arial,sans-serif;color:#000000;background-color:transparent;font-weight:700;font-style:normal;font-variant:normal;text-decoration:none;vertical-align:baseline;white-space:pre;white-space:pre-wrap;\">beneficios<\/span><span style=\"font-size:12pt;font-family:Arial,sans-serif;color:#000000;background-color:transparent;font-weight:400;font-style:normal;font-variant:normal;text-decoration:none;vertical-align:baseline;white-space:pre;white-space:pre-wrap;\"> para los colaboradores. Esta invitaci\u00f3n puede enviarse a trav\u00e9s de correo electr\u00f3nico o incluso mediante una carta formal en formato PDF, adaptada a las caracter\u00edsticas de cada colaborador. Algunos puntos clave a incluir son:<\/span><\/p><ul style=\"margin-top:0;margin-bottom:0;padding-inline-start:48px;\"><li dir=\"ltr\" style=\"list-style-type:disc;font-size:12pt;font-family:Arial,sans-serif;color:#000000;background-color:transparent;font-weight:400;font-style:normal;font-variant:normal;text-decoration:none;vertical-align:baseline;white-space:pre;\" aria-level=\"1\"><p dir=\"ltr\" style=\"line-height:1.3800000000000001;text-align: justify;margin-top:12pt;margin-bottom:0pt;\" role=\"presentation\"><span style=\"font-size:12pt;font-family:Arial,sans-serif;color:#000000;background-color:transparent;font-weight:700;font-style:normal;font-variant:normal;text-decoration:none;vertical-align:baseline;white-space:pre;white-space:pre-wrap;\">Objetivos del Proyecto COIL<\/span><span style=\"font-size:12pt;font-family:Arial,sans-serif;color:#000000;background-color:transparent;font-weight:400;font-style:normal;font-variant:normal;text-decoration:none;vertical-align:baseline;white-space:pre;white-space:pre-wrap;\">: Explicar brevemente la naturaleza del proyecto y el enfoque en torno al ODS 13. Por ejemplo, c\u00f3mo los estudiantes trabajar\u00e1n juntos en la investigaci\u00f3n, el desarrollo de propuestas y la implementaci\u00f3n de soluciones para mitigar los efectos del cambio clim\u00e1tico.\n <\/span><\/p><\/li><li dir=\"ltr\" style=\"list-style-type:disc;font-size:12pt;font-family:Arial,sans-serif;color:#000000;background-color:transparent;font-weight:400;font-style:normal;font-variant:normal;text-decoration:none;vertical-align:baseline;white-space:pre;\" aria-level=\"1\"><p dir=\"ltr\" style=\"line-height:1.3800000000000001;text-align: justify;margin-top:0pt;margin-bottom:0pt;\" role=\"presentation\"><span style=\"font-size:12pt;font-family:Arial,sans-serif;color:#000000;background-color:transparent;font-weight:700;font-style:normal;font-variant:normal;text-decoration:none;vertical-align:baseline;white-space:pre;white-space:pre-wrap;\">Beneficios de la Colaboraci\u00f3n Internacional<\/span><span style=\"font-size:12pt;font-family:Arial,sans-serif;color:#000000;background-color:transparent;font-weight:400;font-style:normal;font-variant:normal;text-decoration:none;vertical-align:baseline;white-space:pre;white-space:pre-wrap;\">: Resaltar las ventajas de participar en un proyecto COIL, como la posibilidad de interactuar con estudiantes de diversas culturas, el acceso a recursos internacionales, el desarrollo de competencias interculturales y el impulso a la investigaci\u00f3n conjunta en un tema de inter\u00e9s global.\n <\/span><\/p><\/li><li dir=\"ltr\" style=\"list-style-type:disc;font-size:12pt;font-family:Arial,sans-serif;color:#000000;background-color:transparent;font-weight:400;font-style:normal;font-variant:normal;text-decoration:none;vertical-align:baseline;white-space:pre;\" aria-level=\"1\"><p dir=\"ltr\" style=\"line-height:1.3800000000000001;text-align: justify;margin-top:0pt;margin-bottom:0pt;\" role=\"presentation\"><span style=\"font-size:12pt;font-family:Arial,sans-serif;color:#000000;background-color:transparent;font-weight:700;font-style:normal;font-variant:normal;text-decoration:none;vertical-align:baseline;white-space:pre;white-space:pre-wrap;\">Expectativas de la Colaboraci\u00f3n<\/span><span style=\"font-size:12pt;font-family:Arial,sans-serif;color:#000000;background-color:transparent;font-weight:400;font-style:normal;font-variant:normal;text-decoration:none;vertical-align:baseline;white-space:pre;white-space:pre-wrap;\">: Detallar el tipo de apoyo esperado, que podr\u00eda incluir la participaci\u00f3n de docentes y estudiantes en actividades como seminarios, conferencias, proyectos de investigaci\u00f3n, o el aporte de material educativo y recursos tecnol\u00f3gicos.\n <\/span><\/p><\/li><li dir=\"ltr\" style=\"list-style-type:disc;font-size:12pt;font-family:Arial,sans-serif;color:#000000;background-color:transparent;font-weight:400;font-style:normal;font-variant:normal;text-decoration:none;vertical-align:baseline;white-space:pre;\" aria-level=\"1\"><p dir=\"ltr\" style=\"line-height:1.3800000000000001;text-align: justify;margin-top:0pt;margin-bottom:12pt;\" role=\"presentation\"><span style=\"font-size:12pt;font-family:Arial,sans-serif;color:#000000;background-color:transparent;font-weight:700;font-style:normal;font-variant:normal;text-decoration:none;vertical-align:baseline;white-space:pre;white-space:pre-wrap;\">Plataformas y Herramientas Utilizadas<\/span><span style=\"font-size:12pt;font-family:Arial,sans-serif;color:#000000;background-color:transparent;font-weight:400;font-style:normal;font-variant:normal;text-decoration:none;vertical-align:baseline;white-space:pre;white-space:pre-wrap;\">: Incluir detalles sobre las plataformas en l\u00ednea que se utilizar\u00e1n para la colaboraci\u00f3n (como Google Classroom, Zoom, Trello, etc.), las metodolog\u00edas que se implementar\u00e1n (ABP, aprendizaje colaborativo, etc.), y c\u00f3mo se estructurar\u00e1n los intercambios internacionales.<\/span><\/p><\/li><\/ul><h4 dir=\"ltr\" style=\"line-height:1.3800000000000001;text-align: justify;margin-top:12pt;margin-bottom:2pt;\"><span style=\"font-size:12pt;font-family:Arial,sans-serif;color:#000000;background-color:transparent;font-weight:700;font-style:normal;font-variant:normal;text-decoration:none;vertical-align:baseline;white-space:pre;white-space:pre-wrap;\">2. Elegir un Socio COIL y Presentar un Plan de Colaboraci\u00f3n Claro y Factible<\/span><\/h4><p dir=\"ltr\" style=\"line-height:1.3800000000000001;text-align: justify;margin-top:12pt;margin-bottom:12pt;\"><span style=\"font-size:12pt;font-family:Arial,sans-serif;color:#000000;background-color:transparent;font-weight:400;font-style:normal;font-variant:normal;text-decoration:none;vertical-align:baseline;white-space:pre;white-space:pre-wrap;\">Una vez elegido el socio COIL e identificado el inter\u00e9s de los colaboradores, es importante presentar un <\/span><span style=\"font-size:12pt;font-family:Arial,sans-serif;color:#000000;background-color:transparent;font-weight:700;font-style:normal;font-variant:normal;text-decoration:none;vertical-align:baseline;white-space:pre;white-space:pre-wrap;\">plan detallado de colaboraci\u00f3n<\/span><span style=\"font-size:12pt;font-family:Arial,sans-serif;color:#000000;background-color:transparent;font-weight:400;font-style:normal;font-variant:normal;text-decoration:none;vertical-align:baseline;white-space:pre;white-space:pre-wrap;\">, que debe incluir:<\/span><\/p><ul style=\"margin-top:0;margin-bottom:0;padding-inline-start:48px;\"><li dir=\"ltr\" style=\"list-style-type:disc;font-size:12pt;font-family:Arial,sans-serif;color:#000000;background-color:transparent;font-weight:400;font-style:normal;font-variant:normal;text-decoration:none;vertical-align:baseline;white-space:pre;\" aria-level=\"1\"><p dir=\"ltr\" style=\"line-height:1.3800000000000001;text-align: justify;margin-top:12pt;margin-bottom:0pt;\" role=\"presentation\"><span style=\"font-size:12pt;font-family:Arial,sans-serif;color:#000000;background-color:transparent;font-weight:700;font-style:normal;font-variant:normal;text-decoration:none;vertical-align:baseline;white-space:pre;white-space:pre-wrap;\">Cronograma del Proyecto COIL<\/span><span style=\"font-size:12pt;font-family:Arial,sans-serif;color:#000000;background-color:transparent;font-weight:400;font-style:normal;font-variant:normal;text-decoration:none;vertical-align:baseline;white-space:pre;white-space:pre-wrap;\">: Detallar las fases y plazos del proyecto, desde el inicio hasta la evaluaci\u00f3n final.\n <\/span><\/p><\/li><li dir=\"ltr\" style=\"list-style-type:disc;font-size:12pt;font-family:Arial,sans-serif;color:#000000;background-color:transparent;font-weight:400;font-style:normal;font-variant:normal;text-decoration:none;vertical-align:baseline;white-space:pre;\" aria-level=\"1\"><p dir=\"ltr\" style=\"line-height:1.3800000000000001;text-align: justify;margin-top:0pt;margin-bottom:0pt;\" role=\"presentation\"><span style=\"font-size:12pt;font-family:Arial,sans-serif;color:#000000;background-color:transparent;font-weight:700;font-style:normal;font-variant:normal;text-decoration:none;vertical-align:baseline;white-space:pre;white-space:pre-wrap;\">Responsabilidades y Roles<\/span><span style=\"font-size:12pt;font-family:Arial,sans-serif;color:#000000;background-color:transparent;font-weight:400;font-style:normal;font-variant:normal;text-decoration:none;vertical-align:baseline;white-space:pre;white-space:pre-wrap;\">: Establecer claramente las expectativas de cada parte y c\u00f3mo se organizar\u00e1n las tareas (qui\u00e9n se encargar\u00e1 de qu\u00e9).\n <\/span><\/p><\/li><li dir=\"ltr\" style=\"list-style-type:disc;font-size:12pt;font-family:Arial,sans-serif;color:#000000;background-color:transparent;font-weight:400;font-style:normal;font-variant:normal;text-decoration:none;vertical-align:baseline;white-space:pre;\" aria-level=\"1\"><p dir=\"ltr\" style=\"line-height:1.3800000000000001;text-align: justify;margin-top:0pt;margin-bottom:12pt;\" role=\"presentation\"><span style=\"font-size:12pt;font-family:Arial,sans-serif;color:#000000;background-color:transparent;font-weight:700;font-style:normal;font-variant:normal;text-decoration:none;vertical-align:baseline;white-space:pre;white-space:pre-wrap;\">Impacto Esperado<\/span><span style=\"font-size:12pt;font-family:Arial,sans-serif;color:#000000;background-color:transparent;font-weight:400;font-style:normal;font-variant:normal;text-decoration:none;vertical-align:baseline;white-space:pre;white-space:pre-wrap;\">: Resaltar el impacto positivo de la colaboraci\u00f3n tanto a nivel acad\u00e9mico como en la comunidad, como la creaci\u00f3n de soluciones innovadoras para el cambio clim\u00e1tico o el intercambio de buenas pr\u00e1cticas educativas a nivel internacional.<\/span><\/p><\/li><\/ul><p dir=\"ltr\" style=\"line-height:1.3800000000000001;text-align: justify;margin-top:12pt;margin-bottom:12pt;\"><span style=\"font-size:12pt;font-family:Arial,sans-serif;color:#000000;background-color:transparent;font-weight:400;font-style:normal;font-variant:normal;text-decoration:none;vertical-align:baseline;white-space:pre;white-space:pre-wrap;\">Un plan bien estructurado genera confianza y demuestra el compromiso con la seriedad del proyecto.<\/span><\/p><h4 dir=\"ltr\" style=\"line-height:1.3800000000000001;text-align: justify;margin-top:12pt;margin-bottom:2pt;\"><span style=\"font-size:12pt;font-family:Arial,sans-serif;color:#000000;background-color:transparent;font-weight:700;font-style:normal;font-variant:normal;text-decoration:none;vertical-align:baseline;white-space:pre;white-space:pre-wrap;\">4. Crear Incentivos de Participaci\u00f3n<\/span><\/h4><p dir=\"ltr\" style=\"line-height:1.3800000000000001;text-align: justify;margin-top:12pt;margin-bottom:12pt;\"><span style=\"font-size:12pt;font-family:Arial,sans-serif;color:#000000;background-color:transparent;font-weight:400;font-style:normal;font-variant:normal;text-decoration:none;vertical-align:baseline;white-space:pre;white-space:pre-wrap;\">Adem\u00e1s de los beneficios educativos y profesionales, es importante ofrecer <\/span><span style=\"font-size:12pt;font-family:Arial,sans-serif;color:#000000;background-color:transparent;font-weight:700;font-style:normal;font-variant:normal;text-decoration:none;vertical-align:baseline;white-space:pre;white-space:pre-wrap;\">incentivos adicionales<\/span><span style=\"font-size:12pt;font-family:Arial,sans-serif;color:#000000;background-color:transparent;font-weight:400;font-style:normal;font-variant:normal;text-decoration:none;vertical-align:baseline;white-space:pre;white-space:pre-wrap;\"> para motivar a los colaboradores a unirse al proyecto. Esto puede incluir:<\/span><\/p><ul style=\"margin-top:0;margin-bottom:0;padding-inline-start:48px;\"><li dir=\"ltr\" style=\"list-style-type:disc;font-size:12pt;font-family:Arial,sans-serif;color:#000000;background-color:transparent;font-weight:400;font-style:normal;font-variant:normal;text-decoration:none;vertical-align:baseline;white-space:pre;\" aria-level=\"1\"><p dir=\"ltr\" style=\"line-height:1.3800000000000001;text-align: justify;margin-top:12pt;margin-bottom:0pt;\" role=\"presentation\"><span style=\"font-size:12pt;font-family:Arial,sans-serif;color:#000000;background-color:transparent;font-weight:700;font-style:normal;font-variant:normal;text-decoration:none;vertical-align:baseline;white-space:pre;white-space:pre-wrap;\">Reconocimiento oficial<\/span><span style=\"font-size:12pt;font-family:Arial,sans-serif;color:#000000;background-color:transparent;font-weight:400;font-style:normal;font-variant:normal;text-decoration:none;vertical-align:baseline;white-space:pre;white-space:pre-wrap;\">: Certificados de participaci\u00f3n, reconocimiento p\u00fablico en eventos internacionales o publicaciones acad\u00e9micas que recojan los resultados del proyecto.\n <\/span><\/p><\/li><li dir=\"ltr\" style=\"list-style-type:disc;font-size:12pt;font-family:Arial,sans-serif;color:#000000;background-color:transparent;font-weight:400;font-style:normal;font-variant:normal;text-decoration:none;vertical-align:baseline;white-space:pre;\" aria-level=\"1\"><p dir=\"ltr\" style=\"line-height:1.3800000000000001;text-align: justify;margin-top:0pt;margin-bottom:0pt;\" role=\"presentation\"><span style=\"font-size:12pt;font-family:Arial,sans-serif;color:#000000;background-color:transparent;font-weight:700;font-style:normal;font-variant:normal;text-decoration:none;vertical-align:baseline;white-space:pre;white-space:pre-wrap;\">Oportunidades de networking<\/span><span style=\"font-size:12pt;font-family:Arial,sans-serif;color:#000000;background-color:transparent;font-weight:400;font-style:normal;font-variant:normal;text-decoration:none;vertical-align:baseline;white-space:pre;white-space:pre-wrap;\">: Participaci\u00f3n en conferencias internacionales o seminarios relacionados con la sostenibilidad, donde los colaboradores puedan ampliar su red profesional y acad\u00e9mica.\n <\/span><\/p><\/li><li dir=\"ltr\" style=\"list-style-type:disc;font-size:12pt;font-family:Arial,sans-serif;color:#000000;background-color:transparent;font-weight:400;font-style:normal;font-variant:normal;text-decoration:none;vertical-align:baseline;white-space:pre;\" aria-level=\"1\"><p dir=\"ltr\" style=\"line-height:1.3800000000000001;text-align: justify;margin-top:0pt;margin-bottom:12pt;\" role=\"presentation\"><span style=\"font-size:12pt;font-family:Arial,sans-serif;color:#000000;background-color:transparent;font-weight:700;font-style:normal;font-variant:normal;text-decoration:none;vertical-align:baseline;white-space:pre;white-space:pre-wrap;\">Posibilidades de financiamiento<\/span><span style=\"font-size:12pt;font-family:Arial,sans-serif;color:#000000;background-color:transparent;font-weight:400;font-style:normal;font-variant:normal;text-decoration:none;vertical-align:baseline;white-space:pre;white-space:pre-wrap;\">: Si es posible, incluir una menci\u00f3n de apoyo financiero para cubrir gastos de participaci\u00f3n o investigaci\u00f3n, como parte de fondos internacionales para la educaci\u00f3n o el cambio clim\u00e1tico.<\/span><\/p><\/li><\/ul><p dir=\"ltr\" style=\"line-height:1.3800000000000001;text-align: justify;margin-top:12pt;margin-bottom:12pt;\"><span style=\"font-size:12pt;font-family:Arial,sans-serif;color:#000000;background-color:transparent;font-weight:700;font-style:normal;font-variant:normal;text-decoration:none;vertical-align:baseline;white-space:pre;white-space:pre-wrap;\">Conclusi\u00f3n<\/span><\/p><p dir=\"ltr\" style=\"line-height:1.3800000000000001;text-align: justify;margin-top:12pt;margin-bottom:12pt;\"><span style=\"font-size:12pt;font-family:Arial,sans-serif;color:#000000;background-color:transparent;font-weight:400;font-style:normal;font-variant:normal;text-decoration:none;vertical-align:baseline;white-space:pre;white-space:pre-wrap;\">Los proyectos COIL representan una excelente oportunidad para promover la educaci\u00f3n global, utilizando enfoques pedag\u00f3gicos activos y colaborativos que involucren tanto a estudiantes locales como internacionales en la soluci\u00f3n de problemas globales. La clave para su \u00e9xito radica en una planificaci\u00f3n cuidadosa, la elecci\u00f3n de colaboradores adecuados y la evaluaci\u00f3n constante de los resultados.<\/span><\/p><p><\/p><p dir=\"ltr\" style=\"line-height:1.3800000000000001;text-align: justify;margin-top:12pt;margin-bottom:12pt;\"><span style=\"font-size:12pt;font-family:Arial,sans-serif;color:#000000;background-color:transparent;font-weight:400;font-style:normal;font-variant:normal;text-decoration:none;vertical-align:baseline;white-space:pre;white-space:pre-wrap;\">El dise\u00f1o de un proyecto COIL eficaz no es un proceso est\u00e1tico, sino din\u00e1mico y adaptable a las circunstancias de los participantes y a los avances del proyecto. La <\/span><span style=\"font-size:12pt;font-family:Arial,sans-serif;color:#000000;background-color:transparent;font-weight:700;font-style:normal;font-variant:normal;text-decoration:none;vertical-align:baseline;white-space:pre;white-space:pre-wrap;\">flexibilidad<\/span><span style=\"font-size:12pt;font-family:Arial,sans-serif;color:#000000;background-color:transparent;font-weight:400;font-style:normal;font-variant:normal;text-decoration:none;vertical-align:baseline;white-space:pre;white-space:pre-wrap;\"> para ajustarse a los cambios y la <\/span><span style=\"font-size:12pt;font-family:Arial,sans-serif;color:#000000;background-color:transparent;font-weight:700;font-style:normal;font-variant:normal;text-decoration:none;vertical-align:baseline;white-space:pre;white-space:pre-wrap;\">evaluaci\u00f3n continua<\/span><span style=\"font-size:12pt;font-family:Arial,sans-serif;color:#000000;background-color:transparent;font-weight:400;font-style:normal;font-variant:normal;text-decoration:none;vertical-align:baseline;white-space:pre;white-space:pre-wrap;\"> del impacto son esenciales para garantizar que el proyecto no solo logre sus objetivos, sino que tambi\u00e9n brinde una experiencia significativa a todos los involucrados. A trav\u00e9s de una planificaci\u00f3n detallada, una ejecuci\u00f3n colaborativa y una evaluaci\u00f3n reflexiva, los proyectos COIL pueden ser una poderosa herramienta para la internacionalizaci\u00f3n de la educaci\u00f3n superior y el logro de los Objetivos de Desarrollo Sostenible (ODS).<\/span><\/p><p><span style=\"font-size:12pt;font-family:Arial,sans-serif;color:#000000;background-color:transparent;font-weight:400;font-style:normal;font-variant:normal;text-decoration:none;vertical-align:baseline;white-space:pre;white-space:pre-wrap;\"><br><\/span><\/p>\n\n\n\n<p><span><span id=\"docs-internal-guid-6c11b68f-7fff-f32b-41ca-fe4ce8d53c8d\"><p dir=\"ltr\" style=\"line-height:1.3800000000000001;margin-top:0pt;margin-bottom:0pt;\"><span style=\"font-size: 12pt; font-family: Arial, sans-serif; color: rgb(0, 0, 0); background-color: transparent; font-weight: 700; font-variant-numeric: normal; font-variant-east-asian: normal; font-variant-alternates: normal; font-variant-position: normal; font-variant-emoji: normal; vertical-align: baseline; white-space-collapse: preserve;\">Referencias<\/span><\/p><br><p dir=\"ltr\" style=\"line-height:1.3800000000000001;text-indent: -36pt;text-align: justify;margin-top:0pt;margin-bottom:0pt;padding:0pt 0pt 0pt 36pt;\"><span style=\"font-size:12pt;font-family:Arial,sans-serif;color:#000000;background-color:transparent;font-weight:400;font-style:normal;font-variant:normal;text-decoration:none;vertical-align:baseline;white-space:pre;white-space:pre-wrap;\">Beelen, J., &amp; Jones, E. (2015). <\/span><span style=\"font-size:12pt;font-family:Arial,sans-serif;color:#000000;background-color:transparent;font-weight:400;font-style:italic;font-variant:normal;text-decoration:none;vertical-align:baseline;white-space:pre;white-space:pre-wrap;\">Redefining internationalization at home<\/span><span style=\"font-size:12pt;font-family:Arial,sans-serif;color:#000000;background-color:transparent;font-weight:400;font-style:normal;font-variant:normal;text-decoration:none;vertical-align:baseline;white-space:pre;white-space:pre-wrap;\">. Routledge.<\/span><\/p><\/span><\/span><\/p><p dir=\"ltr\" style=\"line-height:1.3800000000000001;text-indent: -36pt;text-align: justify;margin-top:0pt;margin-bottom:0pt;padding:0pt 0pt 0pt 36pt;\"><span style=\"background-color: transparent; font-variant-numeric: normal; font-variant-east-asian: normal; font-variant-alternates: normal; font-variant-position: normal; font-variant-emoji: normal; font-size: 12pt; font-family: Arial, sans-serif; color: rgb(0, 0, 0); vertical-align: baseline; white-space-collapse: preserve;\">Bielaczyc, K., &amp; Collins, A. (2014). <\/span><span style=\"background-color: transparent; font-variant-numeric: normal; font-variant-east-asian: normal; font-variant-alternates: normal; font-variant-position: normal; font-variant-emoji: normal; font-size: 12pt; font-family: Arial, sans-serif; color: rgb(0, 0, 0); font-style: italic; vertical-align: baseline; white-space-collapse: preserve;\">Design research: An introduction<\/span><span style=\"background-color: transparent; font-variant-numeric: normal; font-variant-east-asian: normal; font-variant-alternates: normal; font-variant-position: normal; font-variant-emoji: normal; font-size: 12pt; font-family: Arial, sans-serif; color: rgb(0, 0, 0); vertical-align: baseline; white-space-collapse: preserve;\">. Routledge.<\/span><\/p><p dir=\"ltr\" style=\"line-height:1.3800000000000001;text-indent: -36pt;text-align: justify;margin-top:0pt;margin-bottom:0pt;padding:0pt 0pt 0pt 36pt;\"><b style=\"font-weight:normal;\"><br><\/b><\/p><p dir=\"ltr\" style=\"line-height:1.3800000000000001;text-indent: -36pt;text-align: justify;margin-top:0pt;margin-bottom:0pt;padding:0pt 0pt 0pt 36pt;\"><span style=\"font-size:12pt;font-family:Arial,sans-serif;color:#000000;background-color:transparent;font-weight:400;font-style:normal;font-variant:normal;text-decoration:none;vertical-align:baseline;white-space:pre;white-space:pre-wrap;\">Bourn, D. (2014). <\/span><span style=\"font-size:12pt;font-family:Arial,sans-serif;color:#000000;background-color:transparent;font-weight:400;font-style:italic;font-variant:normal;text-decoration:none;vertical-align:baseline;white-space:pre;white-space:pre-wrap;\">The theory and practice of development education for sustainable development: A pedagogy for global social justice.<\/span><span style=\"font-size:12pt;font-family:Arial,sans-serif;color:#000000;background-color:transparent;font-weight:400;font-style:normal;font-variant:normal;text-decoration:none;vertical-align:baseline;white-space:pre;white-space:pre-wrap;\"> Routledge.<\/span><\/p><p dir=\"ltr\" style=\"line-height:1.3800000000000001;text-indent: -36pt;text-align: justify;margin-top:0pt;margin-bottom:0pt;padding:0pt 0pt 0pt 36pt;\"><b style=\"font-weight:normal;\"><br><\/b><\/p><p dir=\"ltr\" style=\"line-height:1.3800000000000001;text-indent: -36pt;text-align: justify;margin-top:0pt;margin-bottom:0pt;padding:0pt 0pt 0pt 36pt;\"><span style=\"font-size:12pt;font-family:Arial,sans-serif;color:#000000;background-color:transparent;font-weight:400;font-style:normal;font-variant:normal;text-decoration:none;vertical-align:baseline;white-space:pre;white-space:pre-wrap;\">Callado P\u00e9rez, J., C\u00e1ceres Mesa, M. L., Moreno Olivos, T., Chong Barreiro, M. C., &amp; Serna Alc\u00e1ntara, G. A. (2022). Evaluaci\u00f3n del aprendizaje en nivel superior \/ Learning assessment in higher education. Conrado, 18(86), 1-14. <\/span><a href=\"https:\/\/doi.org\/0000-0003-3301-7864\" style=\"text-decoration:none;\"><span style=\"font-size:12pt;font-family:Arial,sans-serif;color:#1155cc;background-color:transparent;font-weight:400;font-style:normal;font-variant:normal;text-decoration:underline;-webkit-text-decoration-skip:none;text-decoration-skip-ink:none;vertical-align:baseline;white-space:pre;white-space:pre-wrap;\">https:\/\/doi.org\/0000-0003-3301-7864<\/span><\/a><\/p><p dir=\"ltr\" style=\"line-height:1.3800000000000001;text-indent: -36pt;text-align: justify;margin-top:0pt;margin-bottom:0pt;padding:0pt 0pt 0pt 36pt;\"><b style=\"font-weight:normal;\"><br><\/b><\/p><p dir=\"ltr\" style=\"line-height:1.3800000000000001;text-indent: -36pt;text-align: justify;margin-top:0pt;margin-bottom:0pt;padding:0pt 0pt 0pt 36pt;\"><span style=\"font-size:12pt;font-family:Arial,sans-serif;color:#000000;background-color:transparent;font-weight:400;font-style:normal;font-variant:normal;text-decoration:none;vertical-align:baseline;white-space:pre;white-space:pre-wrap;\">Collins, A. (2015). <\/span><span style=\"font-size:12pt;font-family:Arial,sans-serif;color:#000000;background-color:transparent;font-weight:400;font-style:italic;font-variant:normal;text-decoration:none;vertical-align:baseline;white-space:pre;white-space:pre-wrap;\">Toward a design science of education. Educational Psychologist, 50<\/span><span style=\"font-size:12pt;font-family:Arial,sans-serif;color:#000000;background-color:transparent;font-weight:400;font-style:normal;font-variant:normal;text-decoration:none;vertical-align:baseline;white-space:pre;white-space:pre-wrap;\">(2), 113-127.<\/span><\/p><p dir=\"ltr\" style=\"line-height:1.3800000000000001;text-indent: -36pt;text-align: justify;margin-top:0pt;margin-bottom:0pt;padding:0pt 0pt 0pt 36pt;\"><b style=\"font-weight:normal;\"><br><\/b><\/p><p dir=\"ltr\" style=\"line-height:1.3800000000000001;text-indent: -36pt;text-align: justify;margin-top:0pt;margin-bottom:0pt;padding:0pt 0pt 0pt 36pt;\"><span style=\"font-size:12pt;font-family:Arial,sans-serif;color:#000000;background-color:transparent;font-weight:400;font-style:normal;font-variant:normal;text-decoration:none;vertical-align:baseline;white-space:pre;white-space:pre-wrap;\">Garrison, D. R., Anderson, T., &amp; Archer, W. (2001). <\/span><span style=\"font-size:12pt;font-family:Arial,sans-serif;color:#000000;background-color:transparent;font-weight:400;font-style:italic;font-variant:normal;text-decoration:none;vertical-align:baseline;white-space:pre;white-space:pre-wrap;\">Critical inquiry in a text-based environment: Computer conferencing in higher education. The Internet and Higher Education, 2<\/span><span style=\"font-size:12pt;font-family:Arial,sans-serif;color:#000000;background-color:transparent;font-weight:400;font-style:normal;font-variant:normal;text-decoration:none;vertical-align:baseline;white-space:pre;white-space:pre-wrap;\">(2-3), 87-105.\n <\/span><\/p><p dir=\"ltr\" style=\"line-height:1.3800000000000001;text-indent: -36pt;text-align: justify;margin-top:0pt;margin-bottom:0pt;padding:0pt 0pt 0pt 36pt;\"><span style=\"font-size:12pt;font-family:Arial,sans-serif;color:#000000;background-color:transparent;font-weight:400;font-style:normal;font-variant:normal;text-decoration:none;vertical-align:baseline;white-space:pre;white-space:pre-wrap;\">IPCC. (2014). <\/span><span style=\"font-size:12pt;font-family:Arial,sans-serif;color:#000000;background-color:transparent;font-weight:400;font-style:italic;font-variant:normal;text-decoration:none;vertical-align:baseline;white-space:pre;white-space:pre-wrap;\">Climate Change 2014: Impacts, adaptation, and vulnerability<\/span><span style=\"font-size:12pt;font-family:Arial,sans-serif;color:#000000;background-color:transparent;font-weight:400;font-style:normal;font-variant:normal;text-decoration:none;vertical-align:baseline;white-space:pre;white-space:pre-wrap;\">. Cambridge University Press.<\/span><\/p><p dir=\"ltr\" style=\"line-height:1.3800000000000001;text-indent: -36pt;text-align: justify;margin-top:0pt;margin-bottom:0pt;padding:0pt 0pt 0pt 36pt;\"><b style=\"font-weight:normal;\"><br><\/b><\/p><p dir=\"ltr\" style=\"line-height:1.3800000000000001;text-indent: -36pt;text-align: justify;margin-top:0pt;margin-bottom:0pt;padding:0pt 0pt 0pt 36pt;\"><span style=\"font-size:12pt;font-family:Arial,sans-serif;color:#000000;background-color:transparent;font-weight:400;font-style:normal;font-variant:normal;text-decoration:none;vertical-align:baseline;white-space:pre;white-space:pre-wrap;\">Johnson, D. W., &amp; Johnson, R. T. (2009). <\/span><span style=\"font-size:12pt;font-family:Arial,sans-serif;color:#000000;background-color:transparent;font-weight:400;font-style:italic;font-variant:normal;text-decoration:none;vertical-align:baseline;white-space:pre;white-space:pre-wrap;\">An educational psychology success story: Social interdependence theory and cooperative learning. Educational Researcher, 38(<\/span><span style=\"font-size:12pt;font-family:Arial,sans-serif;color:#000000;background-color:transparent;font-weight:400;font-style:normal;font-variant:normal;text-decoration:none;vertical-align:baseline;white-space:pre;white-space:pre-wrap;\">5), 365-379.<\/span><\/p><p dir=\"ltr\" style=\"line-height:1.3800000000000001;text-indent: -36pt;text-align: justify;margin-top:0pt;margin-bottom:0pt;padding:0pt 0pt 0pt 36pt;\"><b style=\"font-weight:normal;\"><br><\/b><\/p><p dir=\"ltr\" style=\"line-height:1.3800000000000001;text-indent: -36pt;text-align: justify;margin-top:0pt;margin-bottom:0pt;padding:0pt 0pt 0pt 36pt;\"><span style=\"font-size:12pt;font-family:Arial,sans-serif;color:#000000;background-color:transparent;font-weight:400;font-style:normal;font-variant:normal;text-decoration:none;vertical-align:baseline;white-space:pre;white-space:pre-wrap;\">Knight, J. (2006). <\/span><span style=\"font-size:12pt;font-family:Arial,sans-serif;color:#000000;background-color:transparent;font-weight:400;font-style:italic;font-variant:normal;text-decoration:none;vertical-align:baseline;white-space:pre;white-space:pre-wrap;\">Cross-border tertiary education: An introduction. International Higher Education, 43<\/span><span style=\"font-size:12pt;font-family:Arial,sans-serif;color:#000000;background-color:transparent;font-weight:400;font-style:normal;font-variant:normal;text-decoration:none;vertical-align:baseline;white-space:pre;white-space:pre-wrap;\">, 3-4.<\/span><\/p><p dir=\"ltr\" style=\"line-height:1.3800000000000001;text-indent: -36pt;text-align: justify;margin-top:0pt;margin-bottom:0pt;padding:0pt 0pt 0pt 36pt;\"><b style=\"font-weight:normal;\"><br><\/b><\/p><p dir=\"ltr\" style=\"line-height:1.3800000000000001;text-indent: -36pt;text-align: justify;margin-top:0pt;margin-bottom:0pt;padding:0pt 0pt 0pt 36pt;\"><span style=\"font-size:12pt;font-family:Arial,sans-serif;color:#000000;background-color:transparent;font-weight:400;font-style:normal;font-variant:normal;text-decoration:none;vertical-align:baseline;white-space:pre;white-space:pre-wrap;\">Kolb, D. A. (2014). <\/span><span style=\"font-size:12pt;font-family:Arial,sans-serif;color:#000000;background-color:transparent;font-weight:400;font-style:italic;font-variant:normal;text-decoration:none;vertical-align:baseline;white-space:pre;white-space:pre-wrap;\">Experiential learning: Experience as the source of learning and development<\/span><span style=\"font-size:12pt;font-family:Arial,sans-serif;color:#000000;background-color:transparent;font-weight:400;font-style:normal;font-variant:normal;text-decoration:none;vertical-align:baseline;white-space:pre;white-space:pre-wrap;\">. Pearson Education.<\/span><\/p><p dir=\"ltr\" style=\"line-height:1.3800000000000001;text-indent: -36pt;text-align: justify;margin-top:0pt;margin-bottom:0pt;padding:0pt 0pt 0pt 36pt;\"><b style=\"font-weight:normal;\"><br><\/b><\/p><p dir=\"ltr\" style=\"line-height:1.3800000000000001;text-indent: -36pt;text-align: justify;margin-top:0pt;margin-bottom:0pt;padding:0pt 0pt 0pt 36pt;\"><span style=\"font-size:12pt;font-family:Arial,sans-serif;color:#000000;background-color:transparent;font-weight:400;font-style:normal;font-variant:normal;text-decoration:none;vertical-align:baseline;white-space:pre;white-space:pre-wrap;\">Schattle, H. (2009).<\/span><span style=\"font-size:12pt;font-family:Arial,sans-serif;color:#000000;background-color:transparent;font-weight:400;font-style:italic;font-variant:normal;text-decoration:none;vertical-align:baseline;white-space:pre;white-space:pre-wrap;\"> The practices of global citizenship.<\/span><span style=\"font-size:12pt;font-family:Arial,sans-serif;color:#000000;background-color:transparent;font-weight:400;font-style:normal;font-variant:normal;text-decoration:none;vertical-align:baseline;white-space:pre;white-space:pre-wrap;\"> Rowman &amp; Littlefield.<\/span><\/p><p dir=\"ltr\" style=\"line-height:1.3800000000000001;text-indent: -36pt;text-align: justify;margin-top:0pt;margin-bottom:0pt;padding:0pt 0pt 0pt 36pt;\"><b style=\"font-weight:normal;\"><br><\/b><\/p><p dir=\"ltr\" style=\"line-height:1.3800000000000001;text-indent: -36pt;text-align: justify;margin-top:0pt;margin-bottom:0pt;padding:0pt 0pt 0pt 36pt;\"><span style=\"font-size:12pt;font-family:Arial,sans-serif;color:#000000;background-color:transparent;font-weight:400;font-style:normal;font-variant:normal;text-decoration:none;vertical-align:baseline;white-space:pre;white-space:pre-wrap;\">UNESCO. (2014). <\/span><span style=\"font-size:12pt;font-family:Arial,sans-serif;color:#000000;background-color:transparent;font-weight:400;font-style:italic;font-variant:normal;text-decoration:none;vertical-align:baseline;white-space:pre;white-space:pre-wrap;\">Global Citizenship Education: Preparing learners for the challenges of the 21st century.<\/span><span style=\"font-size:12pt;font-family:Arial,sans-serif;color:#000000;background-color:transparent;font-weight:400;font-style:normal;font-variant:normal;text-decoration:none;vertical-align:baseline;white-space:pre;white-space:pre-wrap;\"> UNESCO.<\/span><\/p><p dir=\"ltr\" style=\"line-height:1.3800000000000001;text-indent: -36pt;text-align: justify;margin-top:0pt;margin-bottom:0pt;padding:0pt 0pt 0pt 36pt;\"><br><\/p><p dir=\"ltr\" style=\"line-height:1.3800000000000001;text-indent: -36pt;text-align: justify;margin-top:0pt;margin-bottom:0pt;padding:0pt 0pt 0pt 36pt;\"><span style=\"font-size:12pt;font-family:Arial,sans-serif;color:#000000;background-color:transparent;font-weight:400;font-style:normal;font-variant:normal;text-decoration:none;vertical-align:baseline;white-space:pre;white-space:pre-wrap;\">United Nations. (2015). <\/span><span style=\"font-size:12pt;font-family:Arial,sans-serif;color:#000000;background-color:transparent;font-weight:400;font-style:italic;font-variant:normal;text-decoration:none;vertical-align:baseline;white-space:pre;white-space:pre-wrap;\">Transforming our world: The 2030 Agenda for Sustainable Development. <\/span><span style=\"font-size:12pt;font-family:Arial,sans-serif;color:#000000;background-color:transparent;font-weight:400;font-style:normal;font-variant:normal;text-decoration:none;vertical-align:baseline;white-space:pre;white-space:pre-wrap;\">United Nations.<\/span><\/p>\n\n\n\n<p\u00a0dir=\"ltr\" style=\"line-height:1.3800000000000001;text-indent: -36pt;text-align: justify;margin-top:0pt;margin-bottom:0pt;padding:0pt 0pt 0pt 36pt;\"><span style=\"font-size: 12pt; font-family: Arial, sans-serif; color: rgb(0, 0, 0); background-color: transparent; font-variant-numeric: normal; font-variant-east-asian: normal; font-variant-alternates: normal; font-variant-position: normal; font-variant-emoji: normal; vertical-align: baseline; white-space-collapse: preserve;\">\n<\/span><\/p\u00a0dir=\"ltr\">\n\n\n\n<p><br><\/p>\n\n\n\n<p>Lorem Ipsum has been the industry&#8217;s standard dummy text ever since the 1500s.<\/p>\n\n\n\n\n\n\n\n<p><br><\/p>\n\n\n\n<p><strong style=\"font-size: medium;\">LA AUTORA<\/strong><\/p>\n\n\n\n\n\n\n\n<p><strong><em>Marina Falasca<\/em><\/strong> es una destacada educadora, formadora de docentes e investigadora con una s\u00f3lida trayectoria en el campo de la educaci\u00f3n superior y la innovaci\u00f3n educativa. Se desempe\u00f1a como profesora asociada en el Instituto de Ense\u00f1anza Superior en Lenguas Vivas \u00abJuan Ram\u00f3n Fern\u00e1ndez\u00bb; y en el INSPT UTN, donde imparte cursos en \u00e1reas como did\u00e1ctica universitaria, m\u00e9todos de ense\u00f1anza de idiomas y aprendizaje multimedia.<\/p><p>Su investigaci\u00f3n se centra en las tecnolog\u00edas educativas y la promoci\u00f3n de la educaci\u00f3n sostenible. Es coautora de varias publicaciones, entre ellas \u00abAlfabetizaci\u00f3n y Competencias Transmedia\u00bb; y \u00abTendencias Actuales en Educaci\u00f3n Global\u00bb;, donde explora enfoques innovadores para preparar a los estudiantes para un mundo cada vez m\u00e1s conectado.<\/p><p>Como directora de STAR Argentina, lidera iniciativas que promueven la educaci\u00f3n global y la colaboraci\u00f3n internacional entre educadores de distintas partes del mundo. Su destacada labor ha sido reconocida con el Premio Klett a la Educaci\u00f3n para el Desarrollo Sostenible en el Aula de Lenguas Extranjeras del Consejo Americano de Lenguas Extranjeras (ACTFL) y la Fundaci\u00f3n Language Connects.<\/p><p>La Mgter. Falasca es una apasionada defensora de la educaci\u00f3n de calidad y su compromiso con la innovaci\u00f3n educativa la ha posicionado como una referente en el campo.<\/p>\n\n\n\n\n\n<span style=\"font-size:large;\">Buenos Aires &#8211; ARGENTINA<\/span>\n\n\n<div class=\"pvc_clear\"><\/div><p id=\"pvc_stats_859\" class=\"pvc_stats all  \" data-element-id=\"859\" style=\"\"><i class=\"pvc-stats-icon medium\" aria-hidden=\"true\"><svg aria-hidden=\"true\" focusable=\"false\" data-prefix=\"far\" data-icon=\"chart-bar\" role=\"img\" xmlns=\"http:\/\/www.w3.org\/2000\/svg\" viewBox=\"0 0 512 512\" class=\"svg-inline--fa fa-chart-bar fa-w-16 fa-2x\"><path fill=\"currentColor\" d=\"M396.8 352h22.4c6.4 0 12.8-6.4 12.8-12.8V108.8c0-6.4-6.4-12.8-12.8-12.8h-22.4c-6.4 0-12.8 6.4-12.8 12.8v230.4c0 6.4 6.4 12.8 12.8 12.8zm-192 0h22.4c6.4 0 12.8-6.4 12.8-12.8V140.8c0-6.4-6.4-12.8-12.8-12.8h-22.4c-6.4 0-12.8 6.4-12.8 12.8v198.4c0 6.4 6.4 12.8 12.8 12.8zm96 0h22.4c6.4 0 12.8-6.4 12.8-12.8V204.8c0-6.4-6.4-12.8-12.8-12.8h-22.4c-6.4 0-12.8 6.4-12.8 12.8v134.4c0 6.4 6.4 12.8 12.8 12.8zM496 400H48V80c0-8.84-7.16-16-16-16H16C7.16 64 0 71.16 0 80v336c0 17.67 14.33 32 32 32h464c8.84 0 16-7.16 16-16v-16c0-8.84-7.16-16-16-16zm-387.2-48h22.4c6.4 0 12.8-6.4 12.8-12.8v-70.4c0-6.4-6.4-12.8-12.8-12.8h-22.4c-6.4 0-12.8 6.4-12.8 12.8v70.4c0 6.4 6.4 12.8 12.8 12.8z\" class=\"\"><\/path><\/svg><\/i> <img loading=\"lazy\" width=\"16\" height=\"16\" alt=\"Loading\" src=\"https:\/\/e-ducadores.org\/revistaonline\/wp-content\/plugins\/page-views-count\/ajax-loader-2x.gif\" border=0 \/><\/p><div class=\"pvc_clear\"><\/div>","protected":false},"excerpt":{"rendered":"<div class=\"pvc_clear\"><\/div>\n<p id=\"pvc_stats_859\" class=\"pvc_stats all  \" data-element-id=\"859\" style=\"\"><i class=\"pvc-stats-icon medium\" aria-hidden=\"true\"><svg aria-hidden=\"true\" focusable=\"false\" data-prefix=\"far\" data-icon=\"chart-bar\" role=\"img\" xmlns=\"http:\/\/www.w3.org\/2000\/svg\" viewBox=\"0 0 512 512\" class=\"svg-inline--fa fa-chart-bar fa-w-16 fa-2x\"><path fill=\"currentColor\" d=\"M396.8 352h22.4c6.4 0 12.8-6.4 12.8-12.8V108.8c0-6.4-6.4-12.8-12.8-12.8h-22.4c-6.4 0-12.8 6.4-12.8 12.8v230.4c0 6.4 6.4 12.8 12.8 12.8zm-192 0h22.4c6.4 0 12.8-6.4 12.8-12.8V140.8c0-6.4-6.4-12.8-12.8-12.8h-22.4c-6.4 0-12.8 6.4-12.8 12.8v198.4c0 6.4 6.4 12.8 12.8 12.8zm96 0h22.4c6.4 0 12.8-6.4 12.8-12.8V204.8c0-6.4-6.4-12.8-12.8-12.8h-22.4c-6.4 0-12.8 6.4-12.8 12.8v134.4c0 6.4 6.4 12.8 12.8 12.8zM496 400H48V80c0-8.84-7.16-16-16-16H16C7.16 64 0 71.16 0 80v336c0 17.67 14.33 32 32 32h464c8.84 0 16-7.16 16-16v-16c0-8.84-7.16-16-16-16zm-387.2-48h22.4c6.4 0 12.8-6.4 12.8-12.8v-70.4c0-6.4-6.4-12.8-12.8-12.8h-22.4c-6.4 0-12.8 6.4-12.8 12.8v70.4c0 6.4 6.4 12.8 12.8 12.8z\" class=\"\"><\/path><\/svg><\/i> <img loading=\"lazy\" width=\"16\" height=\"16\" alt=\"Loading\" src=\"https:\/\/e-ducadores.org\/revistaonline\/wp-content\/plugins\/page-views-count\/ajax-loader-2x.gif\" border=0 \/><\/p>\n<div class=\"pvc_clear\"><\/div>\n","protected":false},"author":1,"featured_media":864,"comment_status":"closed","ping_status":"closed","sticky":false,"template":"","format":"standard","meta":{"pagelayer_contact_templates":[],"_pagelayer_content":""},"categories":[22],"tags":[],"_links":{"self":[{"href":"https:\/\/e-ducadores.org\/revistaonline\/wp-json\/wp\/v2\/posts\/859"}],"collection":[{"href":"https:\/\/e-ducadores.org\/revistaonline\/wp-json\/wp\/v2\/posts"}],"about":[{"href":"https:\/\/e-ducadores.org\/revistaonline\/wp-json\/wp\/v2\/types\/post"}],"author":[{"embeddable":true,"href":"https:\/\/e-ducadores.org\/revistaonline\/wp-json\/wp\/v2\/users\/1"}],"replies":[{"embeddable":true,"href":"https:\/\/e-ducadores.org\/revistaonline\/wp-json\/wp\/v2\/comments?post=859"}],"version-history":[{"count":11,"href":"https:\/\/e-ducadores.org\/revistaonline\/wp-json\/wp\/v2\/posts\/859\/revisions"}],"predecessor-version":[{"id":879,"href":"https:\/\/e-ducadores.org\/revistaonline\/wp-json\/wp\/v2\/posts\/859\/revisions\/879"}],"wp:featuredmedia":[{"embeddable":true,"href":"https:\/\/e-ducadores.org\/revistaonline\/wp-json\/wp\/v2\/media\/864"}],"wp:attachment":[{"href":"https:\/\/e-ducadores.org\/revistaonline\/wp-json\/wp\/v2\/media?parent=859"}],"wp:term":[{"taxonomy":"category","embeddable":true,"href":"https:\/\/e-ducadores.org\/revistaonline\/wp-json\/wp\/v2\/categories?post=859"},{"taxonomy":"post_tag","embeddable":true,"href":"https:\/\/e-ducadores.org\/revistaonline\/wp-json\/wp\/v2\/tags?post=859"}],"curies":[{"name":"wp","href":"https:\/\/api.w.org\/{rel}","templated":true}]}}