{"id":582,"date":"2018-07-19T20:31:28","date_gmt":"2018-07-19T20:31:28","guid":{"rendered":"https:\/\/e-ducadores.org\/educacionvital\/?p=582"},"modified":"2018-07-19T20:31:28","modified_gmt":"2018-07-19T20:31:28","slug":"compartimos-un-sabado-diferente-con-el-alumnado-de-la-educacionvital-visitamos-un-centro-optico-multiopticas-orotava-para-aprender-de-inmaculada-munoz-navas-nuestro-alumnado-disfruto-de-los-ult","status":"publish","type":"post","link":"https:\/\/e-ducadores.org\/educacionvital\/2018\/07\/19\/compartimos-un-sabado-diferente-con-el-alumnado-de-la-educacionvital-visitamos-un-centro-optico-multiopticas-orotava-para-aprender-de-inmaculada-munoz-navas-nuestro-alumnado-disfruto-de-los-ult\/","title":{"rendered":"Compartimos un s\u00e1bado diferente con el alumnado de la #Educaci\u00f3nVITAL. Visitamos un centro \u00f3ptico (Multi\u00f3pticas Orotava), para aprender de Inmaculada Mu\u00f1oz  Navas. Nuestro alumnado disfrut\u00f3 de los \u00faltimos avances y sobre todo de las explicaciones tan buenas de una gran profesional. Nuestro agradecimiento a Multi\u00f3pticas Orotava por abrirnos sus puertas y a Inma por el cari\u00f1o y el amor tan grande que puso para que nuestros alumnos disfrutaran y aprendieran mucho. #Educaci\u00f3nVITAL #Todostenemosalgoquense\u00f1ar #colaboradoresvitales"},"content":{"rendered":"<p><iframe loading=\"lazy\" title=\"Conocer el trabajo que se realiza en una \u00f3ptica. Visitamos MULTI\u00d3PTICAS OROTAVA. Educaci\u00f3n Vital\" width=\"640\" height=\"360\" src=\"https:\/\/www.youtube.com\/embed\/1VwQCcGXlWM?feature=oembed\" frameborder=\"0\" allow=\"accelerometer; autoplay; clipboard-write; encrypted-media; gyroscope; picture-in-picture\" allowfullscreen><\/iframe><\/p>\n","protected":false},"excerpt":{"rendered":"","protected":false},"author":2,"featured_media":583,"comment_status":"open","ping_status":"open","sticky":false,"template":"","format":"standard","meta":[],"categories":[17],"tags":[29,279,280,4,277,278,22],"_links":{"self":[{"href":"https:\/\/e-ducadores.org\/educacionvital\/wp-json\/wp\/v2\/posts\/582"}],"collection":[{"href":"https:\/\/e-ducadores.org\/educacionvital\/wp-json\/wp\/v2\/posts"}],"about":[{"href":"https:\/\/e-ducadores.org\/educacionvital\/wp-json\/wp\/v2\/types\/post"}],"author":[{"embeddable":true,"href":"https:\/\/e-ducadores.org\/educacionvital\/wp-json\/wp\/v2\/users\/2"}],"replies":[{"embeddable":true,"href":"https:\/\/e-ducadores.org\/educacionvital\/wp-json\/wp\/v2\/comments?post=582"}],"version-history":[{"count":1,"href":"https:\/\/e-ducadores.org\/educacionvital\/wp-json\/wp\/v2\/posts\/582\/revisions"}],"predecessor-version":[{"id":584,"href":"https:\/\/e-ducadores.org\/educacionvital\/wp-json\/wp\/v2\/posts\/582\/revisions\/584"}],"wp:featuredmedia":[{"embeddable":true,"href":"https:\/\/e-ducadores.org\/educacionvital\/wp-json\/wp\/v2\/media\/583"}],"wp:attachment":[{"href":"https:\/\/e-ducadores.org\/educacionvital\/wp-json\/wp\/v2\/media?parent=582"}],"wp:term":[{"taxonomy":"category","embeddable":true,"href":"https:\/\/e-ducadores.org\/educacionvital\/wp-json\/wp\/v2\/categories?post=582"},{"taxonomy":"post_tag","embeddable":true,"href":"https:\/\/e-ducadores.org\/educacionvital\/wp-json\/wp\/v2\/tags?post=582"}],"curies":[{"name":"wp","href":"https:\/\/api.w.org\/{rel}","templated":true}]}}