{"id":557,"date":"2018-07-12T08:20:55","date_gmt":"2018-07-12T08:20:55","guid":{"rendered":"https:\/\/e-ducadores.org\/educacionvital\/?p=557"},"modified":"2018-07-12T08:20:55","modified_gmt":"2018-07-12T08:20:55","slug":"desde-colombia-el-grupo-de-investigacion-focux-proyecto-investic-caqueta-de-la-institucion-educativa-marcos-fidel-suarez-muestra-de-la-comunidad-negra-que-hace-presencia-en-el-municipio-de-milan","status":"publish","type":"post","link":"https:\/\/e-ducadores.org\/educacionvital\/2018\/07\/12\/desde-colombia-el-grupo-de-investigacion-focux-proyecto-investic-caqueta-de-la-institucion-educativa-marcos-fidel-suarez-muestra-de-la-comunidad-negra-que-hace-presencia-en-el-municipio-de-milan\/","title":{"rendered":"Desde Colombia, el grupo de investigaci\u00f3n FOCUX, proyecto Investic Caquet\u00e1, de la Instituci\u00f3n Educativa Marcos Fidel Su\u00e1rez, muestra de la comunidad negra que hace presencia en el Municipio de Mil\u00e1n, Caquet\u00e1."},"content":{"rendered":"<p><iframe loading=\"lazy\" title=\"BAILE DE COMUNIDADES NEGRAS\" width=\"640\" height=\"360\" src=\"https:\/\/www.youtube.com\/embed\/YD4uSBwP_M4?feature=oembed\" frameborder=\"0\" allow=\"accelerometer; autoplay; clipboard-write; encrypted-media; gyroscope; picture-in-picture\" allowfullscreen><\/iframe><\/p>\n","protected":false},"excerpt":{"rendered":"","protected":false},"author":2,"featured_media":558,"comment_status":"open","ping_status":"open","sticky":false,"template":"","format":"standard","meta":[],"categories":[18],"tags":[29,76,77,232,259,258,91],"_links":{"self":[{"href":"https:\/\/e-ducadores.org\/educacionvital\/wp-json\/wp\/v2\/posts\/557"}],"collection":[{"href":"https:\/\/e-ducadores.org\/educacionvital\/wp-json\/wp\/v2\/posts"}],"about":[{"href":"https:\/\/e-ducadores.org\/educacionvital\/wp-json\/wp\/v2\/types\/post"}],"author":[{"embeddable":true,"href":"https:\/\/e-ducadores.org\/educacionvital\/wp-json\/wp\/v2\/users\/2"}],"replies":[{"embeddable":true,"href":"https:\/\/e-ducadores.org\/educacionvital\/wp-json\/wp\/v2\/comments?post=557"}],"version-history":[{"count":1,"href":"https:\/\/e-ducadores.org\/educacionvital\/wp-json\/wp\/v2\/posts\/557\/revisions"}],"predecessor-version":[{"id":559,"href":"https:\/\/e-ducadores.org\/educacionvital\/wp-json\/wp\/v2\/posts\/557\/revisions\/559"}],"wp:featuredmedia":[{"embeddable":true,"href":"https:\/\/e-ducadores.org\/educacionvital\/wp-json\/wp\/v2\/media\/558"}],"wp:attachment":[{"href":"https:\/\/e-ducadores.org\/educacionvital\/wp-json\/wp\/v2\/media?parent=557"}],"wp:term":[{"taxonomy":"category","embeddable":true,"href":"https:\/\/e-ducadores.org\/educacionvital\/wp-json\/wp\/v2\/categories?post=557"},{"taxonomy":"post_tag","embeddable":true,"href":"https:\/\/e-ducadores.org\/educacionvital\/wp-json\/wp\/v2\/tags?post=557"}],"curies":[{"name":"wp","href":"https:\/\/api.w.org\/{rel}","templated":true}]}}