{"id":522,"date":"2018-04-17T19:53:39","date_gmt":"2018-04-17T19:53:39","guid":{"rendered":"https:\/\/e-ducadores.org\/educacionvital\/?p=522"},"modified":"2018-04-17T19:53:39","modified_gmt":"2018-04-17T19:53:39","slug":"desde-cadiz-nos-llega-una-gran-noticia-las-cuestiones-de-interes-del-magnifico-maestro-francisco-cid-se-unen-a-la-educacion-vital-para-sumar-y-aportar-granitos-para-una-mejora-de-nuestra-ensenanza","status":"publish","type":"post","link":"https:\/\/e-ducadores.org\/educacionvital\/2018\/04\/17\/desde-cadiz-nos-llega-una-gran-noticia-las-cuestiones-de-interes-del-magnifico-maestro-francisco-cid-se-unen-a-la-educacion-vital-para-sumar-y-aportar-granitos-para-una-mejora-de-nuestra-ensenanza\/","title":{"rendered":"Desde C\u00e1diz nos llega una gran noticia! Las Cuestiones de Inter\u00e9s del magn\u00edfico maestro Francisco Cid, se unen a la Educaci\u00f3n Vital para sumar y aportar granitos para una mejora de nuestra ense\u00f1anza. #Educaci\u00f3nVITAL #cuestionesdeinteres Proyecto Internacional \u00abAlumnos Conectados por la Educaci\u00f3n Vital\u00bb"},"content":{"rendered":"<p><iframe loading=\"lazy\" title=\"Cuestiones de Inter\u00e9s y Educaci\u00f3n Vital de la mano\" width=\"640\" height=\"360\" src=\"https:\/\/www.youtube.com\/embed\/9Tp28mR_j4A?feature=oembed\" frameborder=\"0\" allow=\"accelerometer; autoplay; clipboard-write; encrypted-media; gyroscope; picture-in-picture\" allowfullscreen><\/iframe><\/p>\n","protected":false},"excerpt":{"rendered":"","protected":false},"author":2,"featured_media":523,"comment_status":"open","ping_status":"open","sticky":false,"template":"","format":"standard","meta":[],"categories":[18],"tags":[29,3,245,5,4,6,246,14,13,15,22,36],"_links":{"self":[{"href":"https:\/\/e-ducadores.org\/educacionvital\/wp-json\/wp\/v2\/posts\/522"}],"collection":[{"href":"https:\/\/e-ducadores.org\/educacionvital\/wp-json\/wp\/v2\/posts"}],"about":[{"href":"https:\/\/e-ducadores.org\/educacionvital\/wp-json\/wp\/v2\/types\/post"}],"author":[{"embeddable":true,"href":"https:\/\/e-ducadores.org\/educacionvital\/wp-json\/wp\/v2\/users\/2"}],"replies":[{"embeddable":true,"href":"https:\/\/e-ducadores.org\/educacionvital\/wp-json\/wp\/v2\/comments?post=522"}],"version-history":[{"count":1,"href":"https:\/\/e-ducadores.org\/educacionvital\/wp-json\/wp\/v2\/posts\/522\/revisions"}],"predecessor-version":[{"id":524,"href":"https:\/\/e-ducadores.org\/educacionvital\/wp-json\/wp\/v2\/posts\/522\/revisions\/524"}],"wp:featuredmedia":[{"embeddable":true,"href":"https:\/\/e-ducadores.org\/educacionvital\/wp-json\/wp\/v2\/media\/523"}],"wp:attachment":[{"href":"https:\/\/e-ducadores.org\/educacionvital\/wp-json\/wp\/v2\/media?parent=522"}],"wp:term":[{"taxonomy":"category","embeddable":true,"href":"https:\/\/e-ducadores.org\/educacionvital\/wp-json\/wp\/v2\/categories?post=522"},{"taxonomy":"post_tag","embeddable":true,"href":"https:\/\/e-ducadores.org\/educacionvital\/wp-json\/wp\/v2\/tags?post=522"}],"curies":[{"name":"wp","href":"https:\/\/api.w.org\/{rel}","templated":true}]}}