{"id":417,"date":"2018-01-31T18:28:13","date_gmt":"2018-01-31T18:28:13","guid":{"rendered":"https:\/\/e-ducadores.org\/educacionvital\/?p=417"},"modified":"2018-01-31T18:28:13","modified_gmt":"2018-01-31T18:28:13","slug":"nuestro-alumno-vital-fran-trae-su-creacion-para-nuestra-galeria-de-arte-vital-precioso-www-miguelmederos-com-educacionvital-galeriadeartevital","status":"publish","type":"post","link":"https:\/\/e-ducadores.org\/educacionvital\/2018\/01\/31\/nuestro-alumno-vital-fran-trae-su-creacion-para-nuestra-galeria-de-arte-vital-precioso-www-miguelmederos-com-educacionvital-galeriadeartevital\/","title":{"rendered":"Nuestro alumno vital Fran, trae su creaci\u00f3n para nuestra Galer\u00eda de Arte Vital. Precioso! www.miguelmederos.com #Educaci\u00f3nVITAL #galer\u00edadeartevital"},"content":{"rendered":"<p><iframe loading=\"lazy\" title=\"Galer\u00edade Arte Vital con Fran.\" width=\"640\" height=\"360\" src=\"https:\/\/www.youtube.com\/embed\/bbMMMLRcbbo?feature=oembed\" frameborder=\"0\" allow=\"accelerometer; autoplay; clipboard-write; encrypted-media; gyroscope; picture-in-picture\" allowfullscreen><\/iframe><\/p>\n","protected":false},"excerpt":{"rendered":"","protected":false},"author":2,"featured_media":418,"comment_status":"open","ping_status":"open","sticky":false,"template":"","format":"standard","meta":[],"categories":[17],"tags":[29,33,3,10,175,35,73,8,5,27,4,6,136,174,14,13,15,22,36],"_links":{"self":[{"href":"https:\/\/e-ducadores.org\/educacionvital\/wp-json\/wp\/v2\/posts\/417"}],"collection":[{"href":"https:\/\/e-ducadores.org\/educacionvital\/wp-json\/wp\/v2\/posts"}],"about":[{"href":"https:\/\/e-ducadores.org\/educacionvital\/wp-json\/wp\/v2\/types\/post"}],"author":[{"embeddable":true,"href":"https:\/\/e-ducadores.org\/educacionvital\/wp-json\/wp\/v2\/users\/2"}],"replies":[{"embeddable":true,"href":"https:\/\/e-ducadores.org\/educacionvital\/wp-json\/wp\/v2\/comments?post=417"}],"version-history":[{"count":1,"href":"https:\/\/e-ducadores.org\/educacionvital\/wp-json\/wp\/v2\/posts\/417\/revisions"}],"predecessor-version":[{"id":419,"href":"https:\/\/e-ducadores.org\/educacionvital\/wp-json\/wp\/v2\/posts\/417\/revisions\/419"}],"wp:featuredmedia":[{"embeddable":true,"href":"https:\/\/e-ducadores.org\/educacionvital\/wp-json\/wp\/v2\/media\/418"}],"wp:attachment":[{"href":"https:\/\/e-ducadores.org\/educacionvital\/wp-json\/wp\/v2\/media?parent=417"}],"wp:term":[{"taxonomy":"category","embeddable":true,"href":"https:\/\/e-ducadores.org\/educacionvital\/wp-json\/wp\/v2\/categories?post=417"},{"taxonomy":"post_tag","embeddable":true,"href":"https:\/\/e-ducadores.org\/educacionvital\/wp-json\/wp\/v2\/tags?post=417"}],"curies":[{"name":"wp","href":"https:\/\/api.w.org\/{rel}","templated":true}]}}