{"id":302,"date":"2017-11-30T08:30:00","date_gmt":"2017-11-30T08:30:00","guid":{"rendered":"https:\/\/e-ducadores.org\/educacionvital\/?p=302"},"modified":"2017-11-30T08:30:00","modified_gmt":"2017-11-30T08:30:00","slug":"empezamos-la-manana-con-un-video-en-el-que-queremos-mostrar-la-tradicion-de-san-andres-ceip-toscal-longuera","status":"publish","type":"post","link":"https:\/\/e-ducadores.org\/educacionvital\/2017\/11\/30\/empezamos-la-manana-con-un-video-en-el-que-queremos-mostrar-la-tradicion-de-san-andres-ceip-toscal-longuera\/","title":{"rendered":"Empezamos la ma\u00f1ana con un v\u00eddeo en el que queremos mostrar la tradici\u00f3n de San Andr\u00e9s.   CEIP Toscal Longuera"},"content":{"rendered":"<p><iframe loading=\"lazy\" title=\"Los alumnos vitales del Toscal Longuera, celebran el D\u00eda de San Andr\u00e9s\" width=\"640\" height=\"360\" src=\"https:\/\/www.youtube.com\/embed\/QOctPjzur4A?feature=oembed\" frameborder=\"0\" allow=\"accelerometer; autoplay; clipboard-write; encrypted-media; gyroscope; picture-in-picture\" allowfullscreen><\/iframe><\/p>\n","protected":false},"excerpt":{"rendered":"","protected":false},"author":2,"featured_media":303,"comment_status":"open","ping_status":"open","sticky":false,"template":"","format":"standard","meta":[],"categories":[17],"tags":[16,29,33,3,10,58,38,12,35,122,8,5,27,4,11,56,14,13,15,57,22,36],"_links":{"self":[{"href":"https:\/\/e-ducadores.org\/educacionvital\/wp-json\/wp\/v2\/posts\/302"}],"collection":[{"href":"https:\/\/e-ducadores.org\/educacionvital\/wp-json\/wp\/v2\/posts"}],"about":[{"href":"https:\/\/e-ducadores.org\/educacionvital\/wp-json\/wp\/v2\/types\/post"}],"author":[{"embeddable":true,"href":"https:\/\/e-ducadores.org\/educacionvital\/wp-json\/wp\/v2\/users\/2"}],"replies":[{"embeddable":true,"href":"https:\/\/e-ducadores.org\/educacionvital\/wp-json\/wp\/v2\/comments?post=302"}],"version-history":[{"count":1,"href":"https:\/\/e-ducadores.org\/educacionvital\/wp-json\/wp\/v2\/posts\/302\/revisions"}],"predecessor-version":[{"id":304,"href":"https:\/\/e-ducadores.org\/educacionvital\/wp-json\/wp\/v2\/posts\/302\/revisions\/304"}],"wp:featuredmedia":[{"embeddable":true,"href":"https:\/\/e-ducadores.org\/educacionvital\/wp-json\/wp\/v2\/media\/303"}],"wp:attachment":[{"href":"https:\/\/e-ducadores.org\/educacionvital\/wp-json\/wp\/v2\/media?parent=302"}],"wp:term":[{"taxonomy":"category","embeddable":true,"href":"https:\/\/e-ducadores.org\/educacionvital\/wp-json\/wp\/v2\/categories?post=302"},{"taxonomy":"post_tag","embeddable":true,"href":"https:\/\/e-ducadores.org\/educacionvital\/wp-json\/wp\/v2\/tags?post=302"}],"curies":[{"name":"wp","href":"https:\/\/api.w.org\/{rel}","templated":true}]}}