{"id":293,"date":"2017-11-29T00:00:10","date_gmt":"2017-11-29T00:00:10","guid":{"rendered":"https:\/\/e-ducadores.org\/educacionvital\/?p=293"},"modified":"2017-11-29T00:00:10","modified_gmt":"2017-11-29T00:00:10","slug":"desde-darien-eeuu-nos-llega-otro-video-de-presentacion-de-otra-clase-que-se-suma-a-la-educacion-vital","status":"publish","type":"post","link":"https:\/\/e-ducadores.org\/educacionvital\/2017\/11\/29\/desde-darien-eeuu-nos-llega-otro-video-de-presentacion-de-otra-clase-que-se-suma-a-la-educacion-vital\/","title":{"rendered":"Desde Darien, EEUU, nos llega otro v\u00eddeo de presentaci\u00f3n de otra clase que se suma a la Educaci\u00f3n Vital"},"content":{"rendered":"<p>https:\/\/youtu.be\/MkjN5SJOaH8<\/p>\n","protected":false},"excerpt":{"rendered":"<p>https:\/\/youtu.be\/MkjN5SJOaH8<\/p>\n","protected":false},"author":2,"featured_media":294,"comment_status":"open","ping_status":"open","sticky":false,"template":"","format":"standard","meta":[],"categories":[18],"tags":[16,29,3,10,24,12,87,89,4,6,11,14,15,22,36],"_links":{"self":[{"href":"https:\/\/e-ducadores.org\/educacionvital\/wp-json\/wp\/v2\/posts\/293"}],"collection":[{"href":"https:\/\/e-ducadores.org\/educacionvital\/wp-json\/wp\/v2\/posts"}],"about":[{"href":"https:\/\/e-ducadores.org\/educacionvital\/wp-json\/wp\/v2\/types\/post"}],"author":[{"embeddable":true,"href":"https:\/\/e-ducadores.org\/educacionvital\/wp-json\/wp\/v2\/users\/2"}],"replies":[{"embeddable":true,"href":"https:\/\/e-ducadores.org\/educacionvital\/wp-json\/wp\/v2\/comments?post=293"}],"version-history":[{"count":1,"href":"https:\/\/e-ducadores.org\/educacionvital\/wp-json\/wp\/v2\/posts\/293\/revisions"}],"predecessor-version":[{"id":295,"href":"https:\/\/e-ducadores.org\/educacionvital\/wp-json\/wp\/v2\/posts\/293\/revisions\/295"}],"wp:featuredmedia":[{"embeddable":true,"href":"https:\/\/e-ducadores.org\/educacionvital\/wp-json\/wp\/v2\/media\/294"}],"wp:attachment":[{"href":"https:\/\/e-ducadores.org\/educacionvital\/wp-json\/wp\/v2\/media?parent=293"}],"wp:term":[{"taxonomy":"category","embeddable":true,"href":"https:\/\/e-ducadores.org\/educacionvital\/wp-json\/wp\/v2\/categories?post=293"},{"taxonomy":"post_tag","embeddable":true,"href":"https:\/\/e-ducadores.org\/educacionvital\/wp-json\/wp\/v2\/tags?post=293"}],"curies":[{"name":"wp","href":"https:\/\/api.w.org\/{rel}","templated":true}]}}