{"id":288,"date":"2017-11-28T23:30:19","date_gmt":"2017-11-28T23:30:19","guid":{"rendered":"https:\/\/e-ducadores.org\/educacionvital\/?p=288"},"modified":"2017-11-28T23:32:09","modified_gmt":"2017-11-28T23:32:09","slug":"desde-el-centro-educativo-victoriano-lorenzo-de-panama-nos-envian-un-video-de-in-festival-de-folklore","status":"publish","type":"post","link":"https:\/\/e-ducadores.org\/educacionvital\/2017\/11\/28\/desde-el-centro-educativo-victoriano-lorenzo-de-panama-nos-envian-un-video-de-in-festival-de-folklore\/","title":{"rendered":"Desde el centro educativo Victoriano Lorenzo de Panam\u00e1, nos env\u00edan un v\u00eddeo de un festival de folklore."},"content":{"rendered":"<p><iframe loading=\"lazy\" title=\"Primer festival del folklore y la cultura Lorencista.\" width=\"640\" height=\"360\" src=\"https:\/\/www.youtube.com\/embed\/HjriuZ9iYRg?feature=oembed\" frameborder=\"0\" allow=\"accelerometer; autoplay; clipboard-write; encrypted-media; gyroscope; picture-in-picture\" allowfullscreen><\/iframe><\/p>\n","protected":false},"excerpt":{"rendered":"","protected":false},"author":2,"featured_media":290,"comment_status":"open","ping_status":"open","sticky":false,"template":"","format":"standard","meta":[],"categories":[18],"tags":[16,29,3,119,12,8,5,4,6,120,14,13,15,22],"_links":{"self":[{"href":"https:\/\/e-ducadores.org\/educacionvital\/wp-json\/wp\/v2\/posts\/288"}],"collection":[{"href":"https:\/\/e-ducadores.org\/educacionvital\/wp-json\/wp\/v2\/posts"}],"about":[{"href":"https:\/\/e-ducadores.org\/educacionvital\/wp-json\/wp\/v2\/types\/post"}],"author":[{"embeddable":true,"href":"https:\/\/e-ducadores.org\/educacionvital\/wp-json\/wp\/v2\/users\/2"}],"replies":[{"embeddable":true,"href":"https:\/\/e-ducadores.org\/educacionvital\/wp-json\/wp\/v2\/comments?post=288"}],"version-history":[{"count":2,"href":"https:\/\/e-ducadores.org\/educacionvital\/wp-json\/wp\/v2\/posts\/288\/revisions"}],"predecessor-version":[{"id":292,"href":"https:\/\/e-ducadores.org\/educacionvital\/wp-json\/wp\/v2\/posts\/288\/revisions\/292"}],"wp:featuredmedia":[{"embeddable":true,"href":"https:\/\/e-ducadores.org\/educacionvital\/wp-json\/wp\/v2\/media\/290"}],"wp:attachment":[{"href":"https:\/\/e-ducadores.org\/educacionvital\/wp-json\/wp\/v2\/media?parent=288"}],"wp:term":[{"taxonomy":"category","embeddable":true,"href":"https:\/\/e-ducadores.org\/educacionvital\/wp-json\/wp\/v2\/categories?post=288"},{"taxonomy":"post_tag","embeddable":true,"href":"https:\/\/e-ducadores.org\/educacionvital\/wp-json\/wp\/v2\/tags?post=288"}],"curies":[{"name":"wp","href":"https:\/\/api.w.org\/{rel}","templated":true}]}}