{"id":225,"date":"2017-10-28T13:23:19","date_gmt":"2017-10-28T13:23:19","guid":{"rendered":"https:\/\/e-ducadores.org\/educacionvital\/?p=225"},"modified":"2017-11-08T19:28:30","modified_gmt":"2017-11-08T19:28:30","slug":"contar-con-javier-rosquete-en-el-proyecto-educacion-vital-no-es-un-lujo-es-una-bendicion-los-alumnos-vitales-tendran-la-posibilidad-de-ver-la-vida-con-otros-ojos","status":"publish","type":"post","link":"https:\/\/e-ducadores.org\/educacionvital\/2017\/10\/28\/contar-con-javier-rosquete-en-el-proyecto-educacion-vital-no-es-un-lujo-es-una-bendicion-los-alumnos-vitales-tendran-la-posibilidad-de-ver-la-vida-con-otros-ojos\/","title":{"rendered":"Contar con Javier Rosquete en el proyecto Educaci\u00f3n Vital no es  un lujo, es una bendici\u00f3n. Los alumnos vitales tendr\u00e1n la posibilidad de ver la vida con otros ojos."},"content":{"rendered":"<p><img loading=\"lazy\" class=\"alignnone size-medium wp-image-226\" src=\"https:\/\/e-ducadores.org\/educacionvital\/wp-content\/uploads\/2017\/10\/IMG-20171018-WA0000-300x245.jpg\" alt=\"\" width=\"300\" height=\"245\" srcset=\"https:\/\/e-ducadores.org\/educacionvital\/wp-content\/uploads\/2017\/10\/IMG-20171018-WA0000-300x245.jpg 300w, https:\/\/e-ducadores.org\/educacionvital\/wp-content\/uploads\/2017\/10\/IMG-20171018-WA0000.jpg 490w\" sizes=\"(max-width: 300px) 100vw, 300px\" \/><\/p>\n","protected":false},"excerpt":{"rendered":"","protected":false},"author":2,"featured_media":226,"comment_status":"open","ping_status":"open","sticky":false,"template":"","format":"standard","meta":[],"categories":[105,2,21],"tags":[16,29,33,3,10,12,35,8,5,27,4,6,11,94,14,13,15,7,95,22,36],"_links":{"self":[{"href":"https:\/\/e-ducadores.org\/educacionvital\/wp-json\/wp\/v2\/posts\/225"}],"collection":[{"href":"https:\/\/e-ducadores.org\/educacionvital\/wp-json\/wp\/v2\/posts"}],"about":[{"href":"https:\/\/e-ducadores.org\/educacionvital\/wp-json\/wp\/v2\/types\/post"}],"author":[{"embeddable":true,"href":"https:\/\/e-ducadores.org\/educacionvital\/wp-json\/wp\/v2\/users\/2"}],"replies":[{"embeddable":true,"href":"https:\/\/e-ducadores.org\/educacionvital\/wp-json\/wp\/v2\/comments?post=225"}],"version-history":[{"count":1,"href":"https:\/\/e-ducadores.org\/educacionvital\/wp-json\/wp\/v2\/posts\/225\/revisions"}],"predecessor-version":[{"id":227,"href":"https:\/\/e-ducadores.org\/educacionvital\/wp-json\/wp\/v2\/posts\/225\/revisions\/227"}],"wp:featuredmedia":[{"embeddable":true,"href":"https:\/\/e-ducadores.org\/educacionvital\/wp-json\/wp\/v2\/media\/226"}],"wp:attachment":[{"href":"https:\/\/e-ducadores.org\/educacionvital\/wp-json\/wp\/v2\/media?parent=225"}],"wp:term":[{"taxonomy":"category","embeddable":true,"href":"https:\/\/e-ducadores.org\/educacionvital\/wp-json\/wp\/v2\/categories?post=225"},{"taxonomy":"post_tag","embeddable":true,"href":"https:\/\/e-ducadores.org\/educacionvital\/wp-json\/wp\/v2\/tags?post=225"}],"curies":[{"name":"wp","href":"https:\/\/api.w.org\/{rel}","templated":true}]}}