{"id":193,"date":"2017-10-14T18:09:42","date_gmt":"2017-10-14T18:09:42","guid":{"rendered":"https:\/\/e-ducadores.org\/educacionvital\/?p=193"},"modified":"2017-10-14T18:09:42","modified_gmt":"2017-10-14T18:09:42","slug":"porque-los-maestros-no-somos-los-unicos-que-podemos-ensenar-porque-creo-en-la-educacion-en-red-nos-llega-un-nuevo-fichaje-desde-barcelona-airam-tenesor-alvarez-sanchez-medico-pediatra-con-una-gr","status":"publish","type":"post","link":"https:\/\/e-ducadores.org\/educacionvital\/2017\/10\/14\/porque-los-maestros-no-somos-los-unicos-que-podemos-ensenar-porque-creo-en-la-educacion-en-red-nos-llega-un-nuevo-fichaje-desde-barcelona-airam-tenesor-alvarez-sanchez-medico-pediatra-con-una-gr\/","title":{"rendered":"Porque los maestros no somos los \u00fanicos que podemos ense\u00f1ar, porque creo en la Educaci\u00f3n en RED&#8230; Nos llega un nuevo fichaje desde Barcelona. Airam Tenesor \u00c1lvarez S\u00e1nchez, m\u00e9dico pediatra con una gran trayectoria profesional, que pondr\u00e1 sus conocimientos al servicio de los alumnos del proyecto. Gracia Airam por confiar y creer en la Educaci\u00f3n Vital."},"content":{"rendered":"<p><img loading=\"lazy\" class=\"alignnone size-medium wp-image-194\" src=\"https:\/\/e-ducadores.org\/educacionvital\/wp-content\/uploads\/2017\/10\/IMG_20171013_210730_793-300x300.jpg\" alt=\"\" width=\"300\" height=\"300\" srcset=\"https:\/\/e-ducadores.org\/educacionvital\/wp-content\/uploads\/2017\/10\/IMG_20171013_210730_793-300x300.jpg 300w, https:\/\/e-ducadores.org\/educacionvital\/wp-content\/uploads\/2017\/10\/IMG_20171013_210730_793-150x150.jpg 150w, https:\/\/e-ducadores.org\/educacionvital\/wp-content\/uploads\/2017\/10\/IMG_20171013_210730_793-768x768.jpg 768w, https:\/\/e-ducadores.org\/educacionvital\/wp-content\/uploads\/2017\/10\/IMG_20171013_210730_793.jpg 899w\" sizes=\"(max-width: 300px) 100vw, 300px\" \/><\/p>\n","protected":false},"excerpt":{"rendered":"","protected":false},"author":2,"featured_media":194,"comment_status":"open","ping_status":"open","sticky":false,"template":"","format":"standard","meta":[],"categories":[2,1],"tags":[80,29,3,27,4,6,82,83,81,84,14,15],"_links":{"self":[{"href":"https:\/\/e-ducadores.org\/educacionvital\/wp-json\/wp\/v2\/posts\/193"}],"collection":[{"href":"https:\/\/e-ducadores.org\/educacionvital\/wp-json\/wp\/v2\/posts"}],"about":[{"href":"https:\/\/e-ducadores.org\/educacionvital\/wp-json\/wp\/v2\/types\/post"}],"author":[{"embeddable":true,"href":"https:\/\/e-ducadores.org\/educacionvital\/wp-json\/wp\/v2\/users\/2"}],"replies":[{"embeddable":true,"href":"https:\/\/e-ducadores.org\/educacionvital\/wp-json\/wp\/v2\/comments?post=193"}],"version-history":[{"count":1,"href":"https:\/\/e-ducadores.org\/educacionvital\/wp-json\/wp\/v2\/posts\/193\/revisions"}],"predecessor-version":[{"id":195,"href":"https:\/\/e-ducadores.org\/educacionvital\/wp-json\/wp\/v2\/posts\/193\/revisions\/195"}],"wp:featuredmedia":[{"embeddable":true,"href":"https:\/\/e-ducadores.org\/educacionvital\/wp-json\/wp\/v2\/media\/194"}],"wp:attachment":[{"href":"https:\/\/e-ducadores.org\/educacionvital\/wp-json\/wp\/v2\/media?parent=193"}],"wp:term":[{"taxonomy":"category","embeddable":true,"href":"https:\/\/e-ducadores.org\/educacionvital\/wp-json\/wp\/v2\/categories?post=193"},{"taxonomy":"post_tag","embeddable":true,"href":"https:\/\/e-ducadores.org\/educacionvital\/wp-json\/wp\/v2\/tags?post=193"}],"curies":[{"name":"wp","href":"https:\/\/api.w.org\/{rel}","templated":true}]}}