{"id":178,"date":"2017-09-01T23:42:14","date_gmt":"2017-09-01T23:42:14","guid":{"rendered":"https:\/\/e-ducadores.org\/educacionvital\/?p=178"},"modified":"2017-09-01T23:56:00","modified_gmt":"2017-09-01T23:56:00","slug":"el-gran-dia-de-angel-nuestro-artista-vital-que-les-presenta-su-cuadro-de-canarias","status":"publish","type":"post","link":"https:\/\/e-ducadores.org\/educacionvital\/2017\/09\/01\/el-gran-dia-de-angel-nuestro-artista-vital-que-les-presenta-su-cuadro-de-canarias\/","title":{"rendered":"El gran d\u00eda de \u00c1ngel, nuestro artista VITAL, les presenta su cuadro de Canarias."},"content":{"rendered":"<p><iframe loading=\"lazy\" title=\"El gran d\u00eda de \u00c1ngel, el artista. Educaci\u00f3n Vital\" width=\"640\" height=\"360\" src=\"https:\/\/www.youtube.com\/embed\/bUErenJVl80?feature=oembed\" frameborder=\"0\" allow=\"accelerometer; autoplay; clipboard-write; encrypted-media; gyroscope; picture-in-picture\" allowfullscreen><\/iframe><\/p>\n<p>Comentar que la denominaci\u00f3n de Guanche pertenece a la isla de Tenerife. El t\u00e9rmino se ha extendido popularmente para designar tambi\u00e9n al resto de culturas abor\u00edgenes del archipi\u00e9lago. Sin embargo, esto en parte se debi\u00f3 al hecho de ser la de Tenerife la cultura aborigen canaria m\u00e1s estudiada y difundida.<\/p>\n<p>&nbsp;<\/p>\n","protected":false},"excerpt":{"rendered":"<p>Comentar que la denominaci\u00f3n de Guanche pertenece a la isla de Tenerife. El t\u00e9rmino se ha extendido popularmente para designar tambi\u00e9n al resto de culturas abor\u00edgenes del archipi\u00e9lago. Sin embargo, esto en parte se debi\u00f3 al hecho de ser la de Tenerife la cultura aborigen canaria m\u00e1s estudiada y difundida. &nbsp;<\/p>\n","protected":false},"author":2,"featured_media":180,"comment_status":"open","ping_status":"open","sticky":false,"template":"","format":"standard","meta":[],"categories":[17],"tags":[16,29,33,3,10,58,68,70,24,38,12,35,71,8,5,4,9,6,11,31,34,67,69,32,14,13,15,57,22,36],"_links":{"self":[{"href":"https:\/\/e-ducadores.org\/educacionvital\/wp-json\/wp\/v2\/posts\/178"}],"collection":[{"href":"https:\/\/e-ducadores.org\/educacionvital\/wp-json\/wp\/v2\/posts"}],"about":[{"href":"https:\/\/e-ducadores.org\/educacionvital\/wp-json\/wp\/v2\/types\/post"}],"author":[{"embeddable":true,"href":"https:\/\/e-ducadores.org\/educacionvital\/wp-json\/wp\/v2\/users\/2"}],"replies":[{"embeddable":true,"href":"https:\/\/e-ducadores.org\/educacionvital\/wp-json\/wp\/v2\/comments?post=178"}],"version-history":[{"count":2,"href":"https:\/\/e-ducadores.org\/educacionvital\/wp-json\/wp\/v2\/posts\/178\/revisions"}],"predecessor-version":[{"id":181,"href":"https:\/\/e-ducadores.org\/educacionvital\/wp-json\/wp\/v2\/posts\/178\/revisions\/181"}],"wp:featuredmedia":[{"embeddable":true,"href":"https:\/\/e-ducadores.org\/educacionvital\/wp-json\/wp\/v2\/media\/180"}],"wp:attachment":[{"href":"https:\/\/e-ducadores.org\/educacionvital\/wp-json\/wp\/v2\/media?parent=178"}],"wp:term":[{"taxonomy":"category","embeddable":true,"href":"https:\/\/e-ducadores.org\/educacionvital\/wp-json\/wp\/v2\/categories?post=178"},{"taxonomy":"post_tag","embeddable":true,"href":"https:\/\/e-ducadores.org\/educacionvital\/wp-json\/wp\/v2\/tags?post=178"}],"curies":[{"name":"wp","href":"https:\/\/api.w.org\/{rel}","templated":true}]}}