{"id":155,"date":"2017-07-20T20:53:02","date_gmt":"2017-07-20T20:53:02","guid":{"rendered":"https:\/\/e-ducadores.org\/educacionvital\/?p=155"},"modified":"2017-07-20T20:53:02","modified_gmt":"2017-07-20T20:53:02","slug":"desde-milan-caqueta-de-colombia-nos-llega-la-presentacion-en-forma-de-baile-de-los-alumnos-del-i-e-marco-fidel-suarez","status":"publish","type":"post","link":"https:\/\/e-ducadores.org\/educacionvital\/2017\/07\/20\/desde-milan-caqueta-de-colombia-nos-llega-la-presentacion-en-forma-de-baile-de-los-alumnos-del-i-e-marco-fidel-suarez\/","title":{"rendered":"Desde Mil\u00e1n Caqueta de Colombia, nos llega la presentaci\u00f3n en forma de baile de los alumnos del I.E. Marco Fidel Su\u00e1rez."},"content":{"rendered":"<p><iframe loading=\"lazy\" title=\"Baile &quot;La chever\u00edsima&quot;\" width=\"640\" height=\"360\" src=\"https:\/\/www.youtube.com\/embed\/jJmNJR8LaFU?feature=oembed\" frameborder=\"0\" allow=\"accelerometer; autoplay; clipboard-write; encrypted-media; gyroscope; picture-in-picture\" allowfullscreen title=\"Baile \"La chever\u00edsima\"\"><\/iframe><\/p>\n","protected":false},"excerpt":{"rendered":"","protected":false},"author":2,"featured_media":156,"comment_status":"open","ping_status":"open","sticky":false,"template":"","format":"standard","meta":[],"categories":[18],"tags":[16,29,33,3,10,12,35,8,5,4,6,48,14,13,15,22],"_links":{"self":[{"href":"https:\/\/e-ducadores.org\/educacionvital\/wp-json\/wp\/v2\/posts\/155"}],"collection":[{"href":"https:\/\/e-ducadores.org\/educacionvital\/wp-json\/wp\/v2\/posts"}],"about":[{"href":"https:\/\/e-ducadores.org\/educacionvital\/wp-json\/wp\/v2\/types\/post"}],"author":[{"embeddable":true,"href":"https:\/\/e-ducadores.org\/educacionvital\/wp-json\/wp\/v2\/users\/2"}],"replies":[{"embeddable":true,"href":"https:\/\/e-ducadores.org\/educacionvital\/wp-json\/wp\/v2\/comments?post=155"}],"version-history":[{"count":1,"href":"https:\/\/e-ducadores.org\/educacionvital\/wp-json\/wp\/v2\/posts\/155\/revisions"}],"predecessor-version":[{"id":157,"href":"https:\/\/e-ducadores.org\/educacionvital\/wp-json\/wp\/v2\/posts\/155\/revisions\/157"}],"wp:featuredmedia":[{"embeddable":true,"href":"https:\/\/e-ducadores.org\/educacionvital\/wp-json\/wp\/v2\/media\/156"}],"wp:attachment":[{"href":"https:\/\/e-ducadores.org\/educacionvital\/wp-json\/wp\/v2\/media?parent=155"}],"wp:term":[{"taxonomy":"category","embeddable":true,"href":"https:\/\/e-ducadores.org\/educacionvital\/wp-json\/wp\/v2\/categories?post=155"},{"taxonomy":"post_tag","embeddable":true,"href":"https:\/\/e-ducadores.org\/educacionvital\/wp-json\/wp\/v2\/tags?post=155"}],"curies":[{"name":"wp","href":"https:\/\/api.w.org\/{rel}","templated":true}]}}