{"id":134,"date":"2017-07-06T20:36:06","date_gmt":"2017-07-06T20:36:06","guid":{"rendered":"https:\/\/e-ducadores.org\/educacionvital\/?p=134"},"modified":"2017-07-06T20:36:06","modified_gmt":"2017-07-06T20:36:06","slug":"la-voz-de-la-educacion-vital-vuela-a-tierras-mexicanas-exactamente-a-merida-yucatan-de-la-mano-de-la-estacion-de-radio-zector-51-radio-merida","status":"publish","type":"post","link":"https:\/\/e-ducadores.org\/educacionvital\/2017\/07\/06\/la-voz-de-la-educacion-vital-vuela-a-tierras-mexicanas-exactamente-a-merida-yucatan-de-la-mano-de-la-estacion-de-radio-zector-51-radio-merida\/","title":{"rendered":"La voz de la EDUCACI\u00d3N VITAL vuela a tierras mexicanas, exactamente a M\u00e9rida, Yucat\u00e1n, de la mano de la estaci\u00f3n de radio ZECTOR 51 RADIO M\u00c9RIDA."},"content":{"rendered":"<p><img loading=\"lazy\" class=\"alignnone size-medium wp-image-135\" src=\"https:\/\/e-ducadores.org\/educacionvital\/wp-content\/uploads\/2017\/07\/857ddf_8a6f74a4c3b64450881b39c05e8caa89-mv2-300x188.jpg\" alt=\"\" width=\"300\" height=\"188\" srcset=\"https:\/\/e-ducadores.org\/educacionvital\/wp-content\/uploads\/2017\/07\/857ddf_8a6f74a4c3b64450881b39c05e8caa89-mv2-300x188.jpg 300w, https:\/\/e-ducadores.org\/educacionvital\/wp-content\/uploads\/2017\/07\/857ddf_8a6f74a4c3b64450881b39c05e8caa89-mv2-768x480.jpg 768w, https:\/\/e-ducadores.org\/educacionvital\/wp-content\/uploads\/2017\/07\/857ddf_8a6f74a4c3b64450881b39c05e8caa89-mv2.jpg 960w\" sizes=\"(max-width: 300px) 100vw, 300px\" \/><\/p>\n<p>Ma\u00f1ana viernes 7 de julio, tendr\u00e9 el honor de participar en un programa de radio para hablar de educaci\u00f3n.<br \/>\nEl programa se llama Tiempo Fuera y ser\u00e1 a las 7 de la noche (hora de M\u00e9xico) y la 1 de la madrugada en Canarias, por la estaci\u00f3n Zector 51 Radio de M\u00e9rida, Yucat\u00e1n M\u00e9xico.<br \/>\nNos pueden escuchar por la p\u00e1gina\u00a0<a href=\"http:\/\/www.zector51.com\/\" target=\"_blank\" rel=\"nofollow noopener noreferrer\">www.zector51.com<\/a>\u00a0o<span class=\"text_exposed_show\">\u00a0en la aplicaci\u00f3n Tune In como Zector 51.<br \/>\nEl programa tiene un enfoque en redes sociales y todo lo relacionado a la generaci\u00f3n Millennials y tendencias del momento para J\u00f3venes de 16 a 25 a\u00f1os, y parece que el proyecto de EDUCACI\u00d3N VITAL, les ha llamado la atenci\u00f3n.<br \/>\nTendr\u00e9 el gusto de ser entrevistado por uno de sus grandes locutores,\u00a0<a class=\"profileLink\" href=\"https:\/\/www.facebook.com\/CarlosGarcialp?fref=mentions\" data-hovercard=\"\/ajax\/hovercard\/user.php?id=1829731221&amp;extragetparams=%7B%22fref%22%3A%22mentions%22%7D\" data-hovercard-prefer-more-content-show=\"1\">Carlos Garc\u00eda L\u00f3pez<\/a>, al que le agradezco desde aqu\u00ed, el inter\u00e9s mostrado por \u00e9l y su cadena.<\/span><\/p>\n<div class=\"text_exposed_show\">\n<p>Un verdadero lujo el poder hablar para la gente mexicana.<\/p>\n<\/div>\n<p>http:\/\/www.zector51.com\/<\/p>\n","protected":false},"excerpt":{"rendered":"<p>Ma\u00f1ana viernes 7 de julio, tendr\u00e9 el honor de participar en un programa de radio para hablar de educaci\u00f3n. El programa se llama Tiempo Fuera y ser\u00e1 a las 7 de la noche (hora de M\u00e9xico) y la 1 de la madrugada en Canarias, por la estaci\u00f3n Zector 51 Radio de M\u00e9rida, Yucat\u00e1n M\u00e9xico. Nos [&hellip;]<\/p>\n","protected":false},"author":2,"featured_media":135,"comment_status":"open","ping_status":"open","sticky":false,"template":"","format":"standard","meta":[],"categories":[2],"tags":[16,29,3,5,4,44,45,14,13,15,7],"_links":{"self":[{"href":"https:\/\/e-ducadores.org\/educacionvital\/wp-json\/wp\/v2\/posts\/134"}],"collection":[{"href":"https:\/\/e-ducadores.org\/educacionvital\/wp-json\/wp\/v2\/posts"}],"about":[{"href":"https:\/\/e-ducadores.org\/educacionvital\/wp-json\/wp\/v2\/types\/post"}],"author":[{"embeddable":true,"href":"https:\/\/e-ducadores.org\/educacionvital\/wp-json\/wp\/v2\/users\/2"}],"replies":[{"embeddable":true,"href":"https:\/\/e-ducadores.org\/educacionvital\/wp-json\/wp\/v2\/comments?post=134"}],"version-history":[{"count":1,"href":"https:\/\/e-ducadores.org\/educacionvital\/wp-json\/wp\/v2\/posts\/134\/revisions"}],"predecessor-version":[{"id":136,"href":"https:\/\/e-ducadores.org\/educacionvital\/wp-json\/wp\/v2\/posts\/134\/revisions\/136"}],"wp:featuredmedia":[{"embeddable":true,"href":"https:\/\/e-ducadores.org\/educacionvital\/wp-json\/wp\/v2\/media\/135"}],"wp:attachment":[{"href":"https:\/\/e-ducadores.org\/educacionvital\/wp-json\/wp\/v2\/media?parent=134"}],"wp:term":[{"taxonomy":"category","embeddable":true,"href":"https:\/\/e-ducadores.org\/educacionvital\/wp-json\/wp\/v2\/categories?post=134"},{"taxonomy":"post_tag","embeddable":true,"href":"https:\/\/e-ducadores.org\/educacionvital\/wp-json\/wp\/v2\/tags?post=134"}],"curies":[{"name":"wp","href":"https:\/\/api.w.org\/{rel}","templated":true}]}}